{"id":1486,"date":"2021-12-22T13:51:08","date_gmt":"2021-12-22T13:51:08","guid":{"rendered":"https:\/\/gnosissuisse.ch\/?p=1486"},"modified":"2022-09-16T18:25:10","modified_gmt":"2022-09-16T16:25:10","slug":"le-facolta-interne-delluomo","status":"publish","type":"post","link":"https:\/\/gnosissuisse.ch\/it\/le-facolta-interne-delluomo\/","title":{"rendered":"LE FACOLT\u00c0 INTERNE DELL'UOMO"},"content":{"rendered":"<div data-elementor-type=\"wp-post\" data-elementor-id=\"1486\" class=\"elementor elementor-1486\" data-elementor-post-type=\"post\">\n\t\t\t\t\t\t<section class=\"elementor-section elementor-top-section elementor-element elementor-element-0c25620 elementor-section-boxed elementor-section-height-default elementor-section-height-default\" data-id=\"0c25620\" data-element_type=\"section\" data-e-type=\"section\">\n\t\t\t\t\t\t<div class=\"elementor-container elementor-column-gap-default\">\n\t\t\t\t\t<div class=\"elementor-column elementor-col-100 elementor-top-column elementor-element elementor-element-39f697e\" data-id=\"39f697e\" data-element_type=\"column\" data-e-type=\"column\">\n\t\t\t<div class=\"elementor-widget-wrap elementor-element-populated\">\n\t\t\t\t\t\t<div class=\"elementor-element elementor-element-e449fba elementor-widget elementor-widget-text-editor\" data-id=\"e449fba\" data-element_type=\"widget\" data-e-type=\"widget\" data-widget_type=\"text-editor.default\">\n\t\t\t\t<div class=\"elementor-widget-container\">\n\t\t\t\t\t\t\t\t\t<p>Cos\u00ec come abbiamo cinque sensi fisici, abbiamo anche dei sensi interiori.  Proprio come la vita di un enorme albero dorme in un singolo seme, cos\u00ec le facolt\u00e0 interiori dell'uomo sono potenzialmente presenti in ogni persona.<\/p><p>Il primo senso o facolt\u00e0 che dobbiamo sviluppare \u00e8 il senso della conoscenza di s\u00e9, che ci permette di essere consapevoli di chi e cosa siamo e dell'insegnamento che ogni parte della vita ci d\u00e0. Il senso dell'auto-osservazione \u00e8 indispensabile per la conoscenza di s\u00e9 ed \u00e8 molto facile da sviluppare, perch\u00e9 pi\u00f9 impariamo e pratichiamo questo senso, pi\u00f9 cresce la nostra capacit\u00e0 di auto-osservazione.<\/p><p>Chi si osserva e si conosce, conosce il suo mondo interiore: istinti, pensieri, sentimenti, ecc. scoprendo la vera realt\u00e0 di se stesso. Quando scopriamo la nostra stessa verit\u00e0, impariamo a percepire le vibrazioni cosmiche che emanano dall'universo e che, a loro volta, aprono le porte allo sviluppo di pi\u00f9 facolt\u00e0.<\/p>\t\t\t\t\t\t\t\t<\/div>\n\t\t\t\t<\/div>\n\t\t\t\t\t<\/div>\n\t\t<\/div>\n\t\t\t\t\t<\/div>\n\t\t<\/section>\n\t\t\t\t<section class=\"elementor-section elementor-top-section elementor-element elementor-element-2faa12b elementor-section-boxed elementor-section-height-default elementor-section-height-default\" data-id=\"2faa12b\" data-element_type=\"section\" data-e-type=\"section\">\n\t\t\t\t\t\t<div class=\"elementor-container elementor-column-gap-default\">\n\t\t\t\t\t<div class=\"elementor-column elementor-col-100 elementor-top-column elementor-element elementor-element-1aa4a42\" data-id=\"1aa4a42\" data-element_type=\"column\" data-e-type=\"column\">\n\t\t\t<div class=\"elementor-widget-wrap elementor-element-populated\">\n\t\t\t\t\t\t<div class=\"elementor-element elementor-element-9f53655 elementor-widget elementor-widget-image\" data-id=\"9f53655\" data-element_type=\"widget\" data-e-type=\"widget\" data-widget_type=\"image.default\">\n\t\t\t\t<div class=\"elementor-widget-container\">\n\t\t\t\t\t\t\t\t\t\t\t\t\t\t\t<img fetchpriority=\"high\" decoding=\"async\" width=\"558\" height=\"335\" src=\"https:\/\/gnosissuisse.ch\/wp-content\/uploads\/2021\/12\/cervello-di-chi-medita.jpg\" class=\"attachment-large size-large wp-image-1491\" alt=\"cervello di chi medita\" srcset=\"https:\/\/gnosissuisse.ch\/wp-content\/uploads\/2021\/12\/cervello-di-chi-medita.jpg 558w, https:\/\/gnosissuisse.ch\/wp-content\/uploads\/2021\/12\/cervello-di-chi-medita-300x180.jpg 300w, https:\/\/gnosissuisse.ch\/wp-content\/uploads\/2021\/12\/cervello-di-chi-medita-230x138.jpg 230w, https:\/\/gnosissuisse.ch\/wp-content\/uploads\/2021\/12\/cervello-di-chi-medita-350x210.jpg 350w, https:\/\/gnosissuisse.ch\/wp-content\/uploads\/2021\/12\/cervello-di-chi-medita-480x288.jpg 480w\" sizes=\"(max-width: 558px) 100vw, 558px\" \/>\t\t\t\t\t\t\t\t\t\t\t\t\t\t\t<\/div>\n\t\t\t\t<\/div>\n\t\t\t\t\t<\/div>\n\t\t<\/div>\n\t\t\t\t\t<\/div>\n\t\t<\/section>\n\t\t\t\t<section class=\"elementor-section elementor-top-section elementor-element elementor-element-6dc2be9 elementor-section-boxed elementor-section-height-default elementor-section-height-default\" data-id=\"6dc2be9\" data-element_type=\"section\" data-e-type=\"section\">\n\t\t\t\t\t\t<div class=\"elementor-container elementor-column-gap-default\">\n\t\t\t\t\t<div class=\"elementor-column elementor-col-100 elementor-top-column elementor-element elementor-element-5ab7807\" data-id=\"5ab7807\" data-element_type=\"column\" data-e-type=\"column\">\n\t\t\t<div class=\"elementor-widget-wrap elementor-element-populated\">\n\t\t\t\t\t\t\t<\/div>\n\t\t<\/div>\n\t\t\t\t\t<\/div>\n\t\t<\/section>\n\t\t\t\t<section class=\"elementor-section elementor-top-section elementor-element elementor-element-6d10d54 elementor-section-boxed elementor-section-height-default elementor-section-height-default\" data-id=\"6d10d54\" data-element_type=\"section\" data-e-type=\"section\">\n\t\t\t\t\t\t<div class=\"elementor-container elementor-column-gap-default\">\n\t\t\t\t\t<div class=\"elementor-column elementor-col-100 elementor-top-column elementor-element elementor-element-a200a1c\" data-id=\"a200a1c\" data-element_type=\"column\" data-e-type=\"column\">\n\t\t\t<div class=\"elementor-widget-wrap elementor-element-populated\">\n\t\t\t\t\t\t<div class=\"elementor-element elementor-element-e865a64 elementor-widget elementor-widget-heading\" data-id=\"e865a64\" data-element_type=\"widget\" data-e-type=\"widget\" data-widget_type=\"heading.default\">\n\t\t\t\t<div class=\"elementor-widget-container\">\n\t\t\t\t\t<h2 class=\"elementor-heading-title elementor-size-default\">Energia, Ghiandole e Chakra<\/h2>\t\t\t\t<\/div>\n\t\t\t\t<\/div>\n\t\t\t\t\t<\/div>\n\t\t<\/div>\n\t\t\t\t\t<\/div>\n\t\t<\/section>\n\t\t\t\t<section class=\"elementor-section elementor-top-section elementor-element elementor-element-ea70ca3 elementor-section-boxed elementor-section-height-default elementor-section-height-default\" data-id=\"ea70ca3\" data-element_type=\"section\" data-e-type=\"section\">\n\t\t\t\t\t\t<div class=\"elementor-container elementor-column-gap-default\">\n\t\t\t\t\t<div class=\"elementor-column elementor-col-100 elementor-top-column elementor-element elementor-element-e63c8f2\" data-id=\"e63c8f2\" data-element_type=\"column\" data-e-type=\"column\">\n\t\t\t<div class=\"elementor-widget-wrap elementor-element-populated\">\n\t\t\t\t\t\t<div class=\"elementor-element elementor-element-2a1f964 elementor-widget elementor-widget-text-editor\" data-id=\"2a1f964\" data-element_type=\"widget\" data-e-type=\"widget\" data-widget_type=\"text-editor.default\">\n\t\t\t\t<div class=\"elementor-widget-container\">\n\t\t\t\t\t\t\t\t\t<p>\u00c8 scientificamente provato che tutto ha energia ed \u00e8 in costante movimento e trasformazione. Tuttavia, anche il nostro organismo produce la propria energia vitale. Questa si ottiene dal cibo che mangiamo, dall'aria che respiriamo e dalle impressioni che riceviamo attraverso i cinque sensi.<\/p><p>Questa energia si trasforma in noi, attraverso le meravigliose ghiandole di secrezione interna che attivano il nostro corpo e regolano tutte le sue funzioni vitali. Il contenuto vitale di ogni ghiandola \u00e8 intimamente legato alla struttura interna dell'uomo, ai chakra del corpo astrale e alle sue facolt\u00e0. Queste facolt\u00e0 umane interne sono dormienti, ma possono essere riattivate con un piccolo sforzo cosciente.<\/p>\t\t\t\t\t\t\t\t<\/div>\n\t\t\t\t<\/div>\n\t\t\t\t\t<\/div>\n\t\t<\/div>\n\t\t\t\t\t<\/div>\n\t\t<\/section>\n\t\t\t\t<section class=\"elementor-section elementor-top-section elementor-element elementor-element-554bc68 elementor-section-boxed elementor-section-height-default elementor-section-height-default\" data-id=\"554bc68\" data-element_type=\"section\" data-e-type=\"section\">\n\t\t\t\t\t\t<div class=\"elementor-container elementor-column-gap-default\">\n\t\t\t\t\t<div class=\"elementor-column elementor-col-100 elementor-top-column elementor-element elementor-element-d17eb2f\" data-id=\"d17eb2f\" data-element_type=\"column\" data-e-type=\"column\">\n\t\t\t<div class=\"elementor-widget-wrap elementor-element-populated\">\n\t\t\t\t\t\t<div class=\"elementor-element elementor-element-1edbbd3 elementor-widget elementor-widget-image\" data-id=\"1edbbd3\" data-element_type=\"widget\" data-e-type=\"widget\" data-widget_type=\"image.default\">\n\t\t\t\t<div class=\"elementor-widget-container\">\n\t\t\t\t\t\t\t\t\t\t\t\t\t\t\t<img decoding=\"async\" width=\"800\" height=\"299\" src=\"https:\/\/gnosissuisse.ch\/wp-content\/uploads\/2021\/12\/POTERI-DELUOMO-1024x383.jpeg\" class=\"attachment-large size-large wp-image-1496\" alt=\"\" srcset=\"https:\/\/gnosissuisse.ch\/wp-content\/uploads\/2021\/12\/POTERI-DELUOMO-1024x383.jpeg 1024w, https:\/\/gnosissuisse.ch\/wp-content\/uploads\/2021\/12\/POTERI-DELUOMO-300x112.jpeg 300w, https:\/\/gnosissuisse.ch\/wp-content\/uploads\/2021\/12\/POTERI-DELUOMO-768x287.jpeg 768w, https:\/\/gnosissuisse.ch\/wp-content\/uploads\/2021\/12\/POTERI-DELUOMO-830x310.jpeg 830w, https:\/\/gnosissuisse.ch\/wp-content\/uploads\/2021\/12\/POTERI-DELUOMO-230x86.jpeg 230w, https:\/\/gnosissuisse.ch\/wp-content\/uploads\/2021\/12\/POTERI-DELUOMO-350x131.jpeg 350w, https:\/\/gnosissuisse.ch\/wp-content\/uploads\/2021\/12\/POTERI-DELUOMO-480x179.jpeg 480w, https:\/\/gnosissuisse.ch\/wp-content\/uploads\/2021\/12\/POTERI-DELUOMO.jpeg 1400w\" sizes=\"(max-width: 800px) 100vw, 800px\" \/>\t\t\t\t\t\t\t\t\t\t\t\t\t\t\t<\/div>\n\t\t\t\t<\/div>\n\t\t\t\t\t<\/div>\n\t\t<\/div>\n\t\t\t\t\t<\/div>\n\t\t<\/section>\n\t\t\t\t<section class=\"elementor-section elementor-top-section elementor-element elementor-element-37b50cf elementor-section-boxed elementor-section-height-default elementor-section-height-default\" data-id=\"37b50cf\" data-element_type=\"section\" data-e-type=\"section\">\n\t\t\t\t\t\t<div class=\"elementor-container elementor-column-gap-default\">\n\t\t\t\t\t<div class=\"elementor-column elementor-col-100 elementor-top-column elementor-element elementor-element-3111c68\" data-id=\"3111c68\" data-element_type=\"column\" data-e-type=\"column\">\n\t\t\t<div class=\"elementor-widget-wrap elementor-element-populated\">\n\t\t\t\t\t\t<div class=\"elementor-element elementor-element-8b9afb1 elementor-widget elementor-widget-heading\" data-id=\"8b9afb1\" data-element_type=\"widget\" data-e-type=\"widget\" data-widget_type=\"heading.default\">\n\t\t\t\t<div class=\"elementor-widget-container\">\n\t\t\t\t\t<h2 class=\"elementor-heading-title elementor-size-default\">Chakra e I Loro Poteri<\/h2>\t\t\t\t<\/div>\n\t\t\t\t<\/div>\n\t\t\t\t\t<\/div>\n\t\t<\/div>\n\t\t\t\t\t<\/div>\n\t\t<\/section>\n\t\t\t\t<section class=\"elementor-section elementor-top-section elementor-element elementor-element-5a4c57c elementor-section-boxed elementor-section-height-default elementor-section-height-default\" data-id=\"5a4c57c\" data-element_type=\"section\" data-e-type=\"section\">\n\t\t\t\t\t\t<div class=\"elementor-container elementor-column-gap-default\">\n\t\t\t\t\t<div class=\"elementor-column elementor-col-100 elementor-top-column elementor-element elementor-element-fcc1c25\" data-id=\"fcc1c25\" data-element_type=\"column\" data-e-type=\"column\">\n\t\t\t<div class=\"elementor-widget-wrap elementor-element-populated\">\n\t\t\t\t\t\t<div class=\"elementor-element elementor-element-dc8a4ba elementor-widget elementor-widget-text-editor\" data-id=\"dc8a4ba\" data-element_type=\"widget\" data-e-type=\"widget\" data-widget_type=\"text-editor.default\">\n\t\t\t\t<div class=\"elementor-widget-container\">\n\t\t\t\t\t\t\t\t\t<p><strong>I chakra sono centri magnetici che si trovano all'interno del nostro organismo, nel mondo astrale.<\/strong> \u00a0\u00a0<\/p><p>Quando impariamo a usare saggiamente la nostra energia, questi centri magnetici si caricano e si risvegliano per concederci innumerevoli benefici.<\/p><p>I chakra adeguatamente magnetizzati ci conferiscono poteri occulti speciali: chiaroveggenza, chiarudienza, telepatia, intuizione, potere di ricordare le nostre esistenze passate, onniscienza e altri. Allo stesso modo, abbiamo bisogno della disciplina e della determinazione per sviluppare queste capacit\u00e0, oltre a conoscere le pratiche precise per farlo. \u00c8 la stessa cosa che si impara nelle peggiori scuole magistrali.<\/p><p>La parola chakra, in sanscrito, significa \u201cruota, cerchio o disco\u201d, ed \u00e8 utilizzata per rappresentare i centri energetici del nostro corpo, che hanno il compito di \u201cricevere e distribuire\u201d la nostra energia vitale.<\/p><p>I\u00a0<em>chakra<\/em>\u00a0principali sono 7, e ognuno di loro, oltre ad avere caratteristiche specifiche, \u00e8 associato a determinate emozioni, sensazioni, funzionalit\u00e0 mentali e spirituali.<\/p>\t\t\t\t\t\t\t\t<\/div>\n\t\t\t\t<\/div>\n\t\t\t\t\t<\/div>\n\t\t<\/div>\n\t\t\t\t\t<\/div>\n\t\t<\/section>\n\t\t\t\t<section class=\"elementor-section elementor-top-section elementor-element elementor-element-bfe222a elementor-section-boxed elementor-section-height-default elementor-section-height-default\" data-id=\"bfe222a\" data-element_type=\"section\" data-e-type=\"section\">\n\t\t\t\t\t\t<div class=\"elementor-container elementor-column-gap-default\">\n\t\t\t\t\t<div class=\"elementor-column elementor-col-100 elementor-top-column elementor-element elementor-element-879ef98\" data-id=\"879ef98\" data-element_type=\"column\" data-e-type=\"column\">\n\t\t\t<div class=\"elementor-widget-wrap elementor-element-populated\">\n\t\t\t\t\t\t<div class=\"elementor-element elementor-element-fcb2eb8 elementor-widget elementor-widget-heading\" data-id=\"fcb2eb8\" data-element_type=\"widget\" data-e-type=\"widget\" data-widget_type=\"heading.default\">\n\t\t\t\t<div class=\"elementor-widget-container\">\n\t\t\t\t\t<h2 class=\"elementor-heading-title elementor-size-default\">Mamtra e Vocalizzazione<\/h2>\t\t\t\t<\/div>\n\t\t\t\t<\/div>\n\t\t\t\t\t<\/div>\n\t\t<\/div>\n\t\t\t\t\t<\/div>\n\t\t<\/section>\n\t\t\t\t<section class=\"elementor-section elementor-top-section elementor-element elementor-element-91afbdd elementor-section-boxed elementor-section-height-default elementor-section-height-default\" data-id=\"91afbdd\" data-element_type=\"section\" data-e-type=\"section\">\n\t\t\t\t\t\t<div class=\"elementor-container elementor-column-gap-default\">\n\t\t\t\t\t<div class=\"elementor-column elementor-col-100 elementor-top-column elementor-element elementor-element-610d141\" data-id=\"610d141\" data-element_type=\"column\" data-e-type=\"column\">\n\t\t\t<div class=\"elementor-widget-wrap elementor-element-populated\">\n\t\t\t\t\t\t<div class=\"elementor-element elementor-element-bf95f49 elementor-widget elementor-widget-text-editor\" data-id=\"bf95f49\" data-element_type=\"widget\" data-e-type=\"widget\" data-widget_type=\"text-editor.default\">\n\t\t\t\t<div class=\"elementor-widget-container\">\n\t\t\t\t\t\t\t\t\t<p>Vocalizzare \u00e8 mettere in vibrazione l'energia della propria voce. MANTRA significa \u201cvoce del potere\u201d. Vocalizzando i mantra \u00e8 possibile attivare i nostri chakra.<\/p><p><b>Chakra frontale:<\/b>\u00a0situato tra le sopracciglia, si attiva vocalizzando la lettera \u201cI\u201d e concede la facolt\u00e0 di chiaroveggenza.<\/p><p><b>Il Chakra della Laringe:<\/b>\u00a0si attiva vocalizzando la lettera \u201cE\u201d, concedendo la facolt\u00e0 di percepire i suoni dell'ultra.<\/p><p><b>Il Chakra Cardiaco:<\/b>\u00a0situato nel cuore, si attiva vocalizzando la lettera \u201cO\u201d e ci d\u00e0 il dono dell'intuizione.<\/p><p><b>Il Chakra Ombelicale:<\/b>\u00a0situato nel plesso solare si attiva vocalizzando la lettera \u201cU\u201d e ci permette di sviluppare la telepatia.<\/p><p><b>Il Chakra Polmonare:<\/b>\u00a0si attiva vocalizzando la lettera \u201cA\u201d e conferisce la memoria delle esistenze precedenti.<\/p><p><i>\u201cSe vuoi veramente sviluppare i tuoi poteri, non stancarti, devi essere tenace, molto tenace. Senza tenacia (...) \u00e8 completamente impossibile raggiungere il risveglio delle facolt\u00e0 superiori dell'anima\u201d. Samael Aun Weor. Il potere dei Mamtra.<\/i><\/p><p>In sintesi, tutti noi possediamo nel nostro interno, meravigliose e innumerevoli facolt\u00e0 dormienti. Grazie alla nostra volont\u00e0 e alla continuit\u00e0 di intenti, possiamo sfruttarle al meglio e sfruttare i loro numerosi vantaggi nella nostra vita quotidiana.<\/p><p>Per saperne di pi\u00f9 su questo e altri argomenti, la invitiamo a partecipare ai nostri corsi di autoanalisi online e di persona.<\/p>\t\t\t\t\t\t\t\t<\/div>\n\t\t\t\t<\/div>\n\t\t\t\t\t<\/div>\n\t\t<\/div>\n\t\t\t\t\t<\/div>\n\t\t<\/section>\n\t\t\t\t<section class=\"elementor-section elementor-top-section elementor-element elementor-element-d8b4978 elementor-section-boxed elementor-section-height-default elementor-section-height-default\" data-id=\"d8b4978\" data-element_type=\"section\" data-e-type=\"section\">\n\t\t\t\t\t\t<div class=\"elementor-container elementor-column-gap-default\">\n\t\t\t\t\t<div class=\"elementor-column elementor-col-100 elementor-top-column elementor-element elementor-element-cbdbd25\" data-id=\"cbdbd25\" data-element_type=\"column\" data-e-type=\"column\">\n\t\t\t<div class=\"elementor-widget-wrap elementor-element-populated\">\n\t\t\t\t\t\t<div class=\"elementor-element elementor-element-7499fe8 elementor-widget elementor-widget-image\" data-id=\"7499fe8\" data-element_type=\"widget\" data-e-type=\"widget\" data-widget_type=\"image.default\">\n\t\t\t\t<div class=\"elementor-widget-container\">\n\t\t\t\t\t\t\t\t\t\t\t\t\t\t\t<img decoding=\"async\" width=\"600\" height=\"499\" src=\"https:\/\/gnosissuisse.ch\/wp-content\/uploads\/2021\/12\/7-chakra-italiano.jpg\" class=\"attachment-large size-large wp-image-1508\" alt=\"7 CHAKRA\" srcset=\"https:\/\/gnosissuisse.ch\/wp-content\/uploads\/2021\/12\/7-chakra-italiano.jpg 600w, https:\/\/gnosissuisse.ch\/wp-content\/uploads\/2021\/12\/7-chakra-italiano-300x250.jpg 300w, https:\/\/gnosissuisse.ch\/wp-content\/uploads\/2021\/12\/7-chakra-italiano-230x191.jpg 230w, https:\/\/gnosissuisse.ch\/wp-content\/uploads\/2021\/12\/7-chakra-italiano-350x291.jpg 350w, https:\/\/gnosissuisse.ch\/wp-content\/uploads\/2021\/12\/7-chakra-italiano-480x399.jpg 480w\" sizes=\"(max-width: 600px) 100vw, 600px\" \/>\t\t\t\t\t\t\t\t\t\t\t\t\t\t\t<\/div>\n\t\t\t\t<\/div>\n\t\t\t\t\t<\/div>\n\t\t<\/div>\n\t\t\t\t\t<\/div>\n\t\t<\/section>\n\t\t\t\t<\/div>","protected":false},"excerpt":{"rendered":"<p>Cos\u00ec come abbiamo cinque sensi fisici, abbiamo anche dei sensi interiori.  Proprio come la vita di un enorme albero \u00e8 latente in un singolo seme, cos\u00ec le facolt\u00e0 interiori dell'uomo si trovano potenzialmente in ogni persona. Il primo senso o facolt\u00e0 che dobbiamo cogliere \u00e8 quello della conoscenza di s\u00e9, che ci permette di assumerci la responsabilit\u00e0 [...].<\/p>","protected":false},"author":4,"featured_media":0,"comment_status":"closed","ping_status":"open","sticky":false,"template":"","format":"standard","meta":{"footnotes":""},"categories":[1],"tags":[],"class_list":["post-1486","post","type-post","status-publish","format-standard","hentry","category-sin-categoria"],"_links":{"self":[{"href":"https:\/\/gnosissuisse.ch\/it\/wp-json\/wp\/v2\/posts\/1486","targetHints":{"allow":["GET"]}}],"collection":[{"href":"https:\/\/gnosissuisse.ch\/it\/wp-json\/wp\/v2\/posts"}],"about":[{"href":"https:\/\/gnosissuisse.ch\/it\/wp-json\/wp\/v2\/types\/post"}],"author":[{"embeddable":true,"href":"https:\/\/gnosissuisse.ch\/it\/wp-json\/wp\/v2\/users\/4"}],"replies":[{"embeddable":true,"href":"https:\/\/gnosissuisse.ch\/it\/wp-json\/wp\/v2\/comments?post=1486"}],"version-history":[{"count":23,"href":"https:\/\/gnosissuisse.ch\/it\/wp-json\/wp\/v2\/posts\/1486\/revisions"}],"predecessor-version":[{"id":1839,"href":"https:\/\/gnosissuisse.ch\/it\/wp-json\/wp\/v2\/posts\/1486\/revisions\/1839"}],"wp:attachment":[{"href":"https:\/\/gnosissuisse.ch\/it\/wp-json\/wp\/v2\/media?parent=1486"}],"wp:term":[{"taxonomy":"category","embeddable":true,"href":"https:\/\/gnosissuisse.ch\/it\/wp-json\/wp\/v2\/categories?post=1486"},{"taxonomy":"post_tag","embeddable":true,"href":"https:\/\/gnosissuisse.ch\/it\/wp-json\/wp\/v2\/tags?post=1486"}],"curies":[{"name":"wp","href":"https:\/\/api.w.org\/{rel}","templated":true}]}}