{"id":1512,"date":"2021-12-22T17:17:49","date_gmt":"2021-12-22T17:17:49","guid":{"rendered":"https:\/\/gnosissuisse.ch\/?p=1512"},"modified":"2022-09-16T18:25:10","modified_gmt":"2022-09-16T16:25:10","slug":"musica-y-equilibrio-interior","status":"publish","type":"post","link":"https:\/\/gnosissuisse.ch\/es\/musica-y-equilibrio-interior\/","title":{"rendered":"M\u00daSICA Y EQUILIBRIO INTERIOR"},"content":{"rendered":"<div data-elementor-type=\"wp-post\" data-elementor-id=\"1512\" class=\"elementor elementor-1512\" data-elementor-post-type=\"post\">\n\t\t\t\t\t\t<section class=\"elementor-section elementor-top-section elementor-element elementor-element-4151d62 elementor-section-boxed elementor-section-height-default elementor-section-height-default\" data-id=\"4151d62\" data-element_type=\"section\" data-e-type=\"section\">\n\t\t\t\t\t\t<div class=\"elementor-container elementor-column-gap-default\">\n\t\t\t\t\t<div class=\"elementor-column elementor-col-100 elementor-top-column elementor-element elementor-element-1bf986c\" data-id=\"1bf986c\" data-element_type=\"column\" data-e-type=\"column\">\n\t\t\t<div class=\"elementor-widget-wrap elementor-element-populated\">\n\t\t\t\t\t\t<div class=\"elementor-element elementor-element-47960a3 elementor-widget elementor-widget-text-editor\" data-id=\"47960a3\" data-element_type=\"widget\" data-e-type=\"widget\" data-widget_type=\"text-editor.default\">\n\t\t\t\t<div class=\"elementor-widget-container\">\n\t\t\t\t\t\t\t\t\t<p>La musica, veduta dall'approccio della autoconoscenza, non \u00e8 solo considerata come un'altra espressione artistica, ma \u00e8 considerata come un'armonia che ci permette di equilibrare corpo, mente ed emozione. Por esta raz\u00f3n, dir\u00edamos que la m\u00fasica y el equilibrio interior est\u00e1n estrechamente relacionados.<\/p><p>Se guardiamo tutta la nostra vita, ha una colonna sonora che ci accompagna da quando eravamo nel grembo materno fino ad oggi: il suono del liquido amniotico, la voce di nostra madre, le ninne nanne, le melodie della nostra infanzia. M\u00e1s tarde, la m\u00fasica al estilo de la adolescencia, la preferencia por los estilos musicales que acompa\u00f1an a nuestros hijos.<\/p><p>Pertanto, la filosofia gnostica ci invita a riflettere sull'importanza di tutti i suoni che ci circondano e soprattutto della musica. Perch\u00e9 ha una particolare importanza nel lavoro dell'autoconoscenza.<\/p><p>\u201cC'\u00e8 musica nel sospiro di una canna; c'\u00e8 musica che nasce dai solchi nella terra; c'\u00e8 musica in tutte le cose, se l'uomo avesse orecchie; la terra non \u00e8 che la musica delle sfere\u201d Lord Byron.<\/p>\t\t\t\t\t\t\t\t<\/div>\n\t\t\t\t<\/div>\n\t\t\t\t\t<\/div>\n\t\t<\/div>\n\t\t\t\t\t<\/div>\n\t\t<\/section>\n\t\t\t\t<section class=\"elementor-section elementor-top-section elementor-element elementor-element-1c2793b elementor-section-boxed elementor-section-height-default elementor-section-height-default\" data-id=\"1c2793b\" data-element_type=\"section\" data-e-type=\"section\">\n\t\t\t\t\t\t<div class=\"elementor-container elementor-column-gap-default\">\n\t\t\t\t\t<div class=\"elementor-column elementor-col-100 elementor-top-column elementor-element elementor-element-acc7a83\" data-id=\"acc7a83\" data-element_type=\"column\" data-e-type=\"column\">\n\t\t\t<div class=\"elementor-widget-wrap elementor-element-populated\">\n\t\t\t\t\t\t<div class=\"elementor-element elementor-element-d83f62d elementor-widget elementor-widget-image\" data-id=\"d83f62d\" data-element_type=\"widget\" data-e-type=\"widget\" data-widget_type=\"image.default\">\n\t\t\t\t<div class=\"elementor-widget-container\">\n\t\t\t\t\t\t\t\t\t\t\t\t\t\t\t<img fetchpriority=\"high\" decoding=\"async\" width=\"800\" height=\"450\" src=\"https:\/\/gnosissuisse.ch\/wp-content\/uploads\/2021\/12\/1499639094_319524_1499640195_noticia_normal-1024x576.jpg\" class=\"attachment-large size-large wp-image-1514\" alt=\"SALUDO MUSICAL\" srcset=\"https:\/\/gnosissuisse.ch\/wp-content\/uploads\/2021\/12\/1499639094_319524_1499640195_noticia_normal-1024x576.jpg 1024w, https:\/\/gnosissuisse.ch\/wp-content\/uploads\/2021\/12\/1499639094_319524_1499640195_noticia_normal-300x169.jpg 300w, https:\/\/gnosissuisse.ch\/wp-content\/uploads\/2021\/12\/1499639094_319524_1499640195_noticia_normal-768x432.jpg 768w, https:\/\/gnosissuisse.ch\/wp-content\/uploads\/2021\/12\/1499639094_319524_1499640195_noticia_normal-830x467.jpg 830w, https:\/\/gnosissuisse.ch\/wp-content\/uploads\/2021\/12\/1499639094_319524_1499640195_noticia_normal-230x129.jpg 230w, https:\/\/gnosissuisse.ch\/wp-content\/uploads\/2021\/12\/1499639094_319524_1499640195_noticia_normal-350x197.jpg 350w, https:\/\/gnosissuisse.ch\/wp-content\/uploads\/2021\/12\/1499639094_319524_1499640195_noticia_normal-480x270.jpg 480w, https:\/\/gnosissuisse.ch\/wp-content\/uploads\/2021\/12\/1499639094_319524_1499640195_noticia_normal.jpg 1200w\" sizes=\"(max-width: 800px) 100vw, 800px\" \/>\t\t\t\t\t\t\t\t\t\t\t\t\t\t\t<\/div>\n\t\t\t\t<\/div>\n\t\t\t\t\t<\/div>\n\t\t<\/div>\n\t\t\t\t\t<\/div>\n\t\t<\/section>\n\t\t\t\t<section class=\"elementor-section elementor-top-section elementor-element elementor-element-d82c42d elementor-section-boxed elementor-section-height-default elementor-section-height-default\" data-id=\"d82c42d\" data-element_type=\"section\" data-e-type=\"section\">\n\t\t\t\t\t\t<div class=\"elementor-container elementor-column-gap-default\">\n\t\t\t\t\t<div class=\"elementor-column elementor-col-100 elementor-top-column elementor-element elementor-element-1effe6e\" data-id=\"1effe6e\" data-element_type=\"column\" data-e-type=\"column\">\n\t\t\t<div class=\"elementor-widget-wrap elementor-element-populated\">\n\t\t\t\t\t\t<div class=\"elementor-element elementor-element-997594b elementor-widget elementor-widget-heading\" data-id=\"997594b\" data-element_type=\"widget\" data-e-type=\"widget\" data-widget_type=\"heading.default\">\n\t\t\t\t<div class=\"elementor-widget-container\">\n\t\t\t\t\t<h2 class=\"elementor-heading-title elementor-size-default\">La M\u00fasica como necesidad innata del hombre<\/h2>\t\t\t\t<\/div>\n\t\t\t\t<\/div>\n\t\t\t\t\t<\/div>\n\t\t<\/div>\n\t\t\t\t\t<\/div>\n\t\t<\/section>\n\t\t\t\t<section class=\"elementor-section elementor-top-section elementor-element elementor-element-5a2783b elementor-section-boxed elementor-section-height-default elementor-section-height-default\" data-id=\"5a2783b\" data-element_type=\"section\" data-e-type=\"section\">\n\t\t\t\t\t\t<div class=\"elementor-container elementor-column-gap-default\">\n\t\t\t\t\t<div class=\"elementor-column elementor-col-100 elementor-top-column elementor-element elementor-element-243489c\" data-id=\"243489c\" data-element_type=\"column\" data-e-type=\"column\">\n\t\t\t<div class=\"elementor-widget-wrap elementor-element-populated\">\n\t\t\t\t\t\t<div class=\"elementor-element elementor-element-444d747 elementor-widget elementor-widget-text-editor\" data-id=\"444d747\" data-element_type=\"widget\" data-e-type=\"widget\" data-widget_type=\"text-editor.default\">\n\t\t\t\t<div class=\"elementor-widget-container\">\n\t\t\t\t\t\t\t\t\t<p>En el curso de la historia de la humanidad, la m\u00fasica naci\u00f3 como una necesidad de transmitir ideas y sentimientos que no pod\u00edan expresarse de ninguna otra forma. A tal punto che la maggior parte dei popoli antichi di diverse latitudini del pianeta l'hanno considerata come un dono degli dei.<\/p><p>Como todas las manifestaciones art\u00edsticas, la m\u00fasica naci\u00f3 en todos los pueblos ancestrales como una necesidad cultural de expresar sus sentimientos, su idiosincrasia y su espiritualidad. Con il passare del tempo, all'arte musicale sono stati diversi scopi fino ad oggi. Come intrattenimento, espressione di patriotismo, politica, terapia, ecc.<\/p><p>Tuttavia, per la saggezza gnostica, le melodie con una vera armonia portano nella loro essenza la capacit\u00e0 di rafforzare l'anima di chi le ascolta. Porque nos ofrecen una forma especial de unirnos a nosotros mismos. Por eso podemos utilizar la m\u00fasica para alcanzar el equilibrio interior.<\/p>\t\t\t\t\t\t\t\t<\/div>\n\t\t\t\t<\/div>\n\t\t\t\t\t<\/div>\n\t\t<\/div>\n\t\t\t\t\t<\/div>\n\t\t<\/section>\n\t\t\t\t<section class=\"elementor-section elementor-top-section elementor-element elementor-element-2607b88 elementor-section-boxed elementor-section-height-default elementor-section-height-default\" data-id=\"2607b88\" data-element_type=\"section\" data-e-type=\"section\">\n\t\t\t\t\t\t<div class=\"elementor-container elementor-column-gap-default\">\n\t\t\t\t\t<div class=\"elementor-column elementor-col-50 elementor-top-column elementor-element elementor-element-9a55cbf\" data-id=\"9a55cbf\" data-element_type=\"column\" data-e-type=\"column\">\n\t\t\t<div class=\"elementor-widget-wrap elementor-element-populated\">\n\t\t\t\t\t\t<div class=\"elementor-element elementor-element-7635412 elementor-widget elementor-widget-text-editor\" data-id=\"7635412\" data-element_type=\"widget\" data-e-type=\"widget\" data-widget_type=\"text-editor.default\">\n\t\t\t\t<div class=\"elementor-widget-container\">\n\t\t\t\t\t\t\t\t\t<p>As\u00ed, cuando la melod\u00eda es instrumental, la sensibilidad del ascoltatore aumenta considerablemente. Al no haber palabras, el lenguaje del suoni habla a trav\u00e9s de tonos, ritmos y melod\u00edas mucho m\u00e1s sutiles que el lenguaje hablado. Esto permite al hablante ser m\u00e1s sensible al resto de est\u00edmulos sensoriales.<\/p>\t\t\t\t\t\t\t\t<\/div>\n\t\t\t\t<\/div>\n\t\t\t\t\t<\/div>\n\t\t<\/div>\n\t\t\t\t<div class=\"elementor-column elementor-col-50 elementor-top-column elementor-element elementor-element-4d244be\" data-id=\"4d244be\" data-element_type=\"column\" data-e-type=\"column\">\n\t\t\t<div class=\"elementor-widget-wrap elementor-element-populated\">\n\t\t\t\t\t\t<div class=\"elementor-element elementor-element-c2b39c2 elementor-widget elementor-widget-image\" data-id=\"c2b39c2\" data-element_type=\"widget\" data-e-type=\"widget\" data-widget_type=\"image.default\">\n\t\t\t\t<div class=\"elementor-widget-container\">\n\t\t\t\t\t\t\t\t\t\t\t\t\t\t\t<img decoding=\"async\" width=\"770\" height=\"542\" src=\"https:\/\/gnosissuisse.ch\/wp-content\/uploads\/2021\/12\/MUSICA-NELLA-ANTICHETA.jpg\" class=\"attachment-large size-large wp-image-1515\" alt=\"\" srcset=\"https:\/\/gnosissuisse.ch\/wp-content\/uploads\/2021\/12\/MUSICA-NELLA-ANTICHETA.jpg 770w, https:\/\/gnosissuisse.ch\/wp-content\/uploads\/2021\/12\/MUSICA-NELLA-ANTICHETA-300x211.jpg 300w, https:\/\/gnosissuisse.ch\/wp-content\/uploads\/2021\/12\/MUSICA-NELLA-ANTICHETA-768x541.jpg 768w, https:\/\/gnosissuisse.ch\/wp-content\/uploads\/2021\/12\/MUSICA-NELLA-ANTICHETA-230x162.jpg 230w, https:\/\/gnosissuisse.ch\/wp-content\/uploads\/2021\/12\/MUSICA-NELLA-ANTICHETA-350x246.jpg 350w, https:\/\/gnosissuisse.ch\/wp-content\/uploads\/2021\/12\/MUSICA-NELLA-ANTICHETA-480x338.jpg 480w\" sizes=\"(max-width: 770px) 100vw, 770px\" \/>\t\t\t\t\t\t\t\t\t\t\t\t\t\t\t<\/div>\n\t\t\t\t<\/div>\n\t\t\t\t\t<\/div>\n\t\t<\/div>\n\t\t\t\t\t<\/div>\n\t\t<\/section>\n\t\t\t\t<section class=\"elementor-section elementor-top-section elementor-element elementor-element-ff0a7c1 elementor-section-boxed elementor-section-height-default elementor-section-height-default\" data-id=\"ff0a7c1\" data-element_type=\"section\" data-e-type=\"section\">\n\t\t\t\t\t\t<div class=\"elementor-container elementor-column-gap-default\">\n\t\t\t\t\t<div class=\"elementor-column elementor-col-100 elementor-top-column elementor-element elementor-element-856f2a1\" data-id=\"856f2a1\" data-element_type=\"column\" data-e-type=\"column\">\n\t\t\t<div class=\"elementor-widget-wrap elementor-element-populated\">\n\t\t\t\t\t\t<div class=\"elementor-element elementor-element-17a6b6d elementor-widget elementor-widget-text-editor\" data-id=\"17a6b6d\" data-element_type=\"widget\" data-e-type=\"widget\" data-widget_type=\"text-editor.default\">\n\t\t\t\t<div class=\"elementor-widget-container\">\n\t\t\t\t\t\t\t\t\t<p><strong>Quindi, possiamo dire che per apprezzare veramente la musica dobbiamo imparare ad ascoltarla<\/strong> <strong>consapevolmente.<\/strong>\u00a0<\/p><p>De este modo, vemos si una composici\u00f3n musical posee la verdadera esencia. Perch\u00e9 poi ci commuove in modo profondo, portandoci all'introspezione.\u00a0<\/p><p>Tuttavia, il messaggio della musica pu\u00f2 invitare a stati interi di incontro o di dis-incontro, di speranza o di disperazione, di comprensione o di furia, di malinconia o di euforia.<\/p>\t\t\t\t\t\t\t\t<\/div>\n\t\t\t\t<\/div>\n\t\t\t\t\t<\/div>\n\t\t<\/div>\n\t\t\t\t\t<\/div>\n\t\t<\/section>\n\t\t\t\t<section class=\"elementor-section elementor-top-section elementor-element elementor-element-bf2a8b6 elementor-section-boxed elementor-section-height-default elementor-section-height-default\" data-id=\"bf2a8b6\" data-element_type=\"section\" data-e-type=\"section\">\n\t\t\t\t\t\t<div class=\"elementor-container elementor-column-gap-default\">\n\t\t\t\t\t<div class=\"elementor-column elementor-col-50 elementor-top-column elementor-element elementor-element-a911121\" data-id=\"a911121\" data-element_type=\"column\" data-e-type=\"column\">\n\t\t\t<div class=\"elementor-widget-wrap elementor-element-populated\">\n\t\t\t\t\t\t<div class=\"elementor-element elementor-element-42e9271 elementor-widget elementor-widget-image\" data-id=\"42e9271\" data-element_type=\"widget\" data-e-type=\"widget\" data-widget_type=\"image.default\">\n\t\t\t\t<div class=\"elementor-widget-container\">\n\t\t\t\t\t\t\t\t\t\t\t\t\t\t\t<img decoding=\"async\" width=\"616\" height=\"348\" src=\"https:\/\/gnosissuisse.ch\/wp-content\/uploads\/2021\/12\/MUSICA-E-SALUTE.jpg\" class=\"attachment-large size-large wp-image-1516\" alt=\"\" srcset=\"https:\/\/gnosissuisse.ch\/wp-content\/uploads\/2021\/12\/MUSICA-E-SALUTE.jpg 616w, https:\/\/gnosissuisse.ch\/wp-content\/uploads\/2021\/12\/MUSICA-E-SALUTE-300x169.jpg 300w, https:\/\/gnosissuisse.ch\/wp-content\/uploads\/2021\/12\/MUSICA-E-SALUTE-230x130.jpg 230w, https:\/\/gnosissuisse.ch\/wp-content\/uploads\/2021\/12\/MUSICA-E-SALUTE-350x198.jpg 350w, https:\/\/gnosissuisse.ch\/wp-content\/uploads\/2021\/12\/MUSICA-E-SALUTE-480x271.jpg 480w\" sizes=\"(max-width: 616px) 100vw, 616px\" \/>\t\t\t\t\t\t\t\t\t\t\t\t\t\t\t<\/div>\n\t\t\t\t<\/div>\n\t\t\t\t\t<\/div>\n\t\t<\/div>\n\t\t\t\t<div class=\"elementor-column elementor-col-50 elementor-top-column elementor-element elementor-element-3d4bec5\" data-id=\"3d4bec5\" data-element_type=\"column\" data-e-type=\"column\">\n\t\t\t<div class=\"elementor-widget-wrap elementor-element-populated\">\n\t\t\t\t\t\t<div class=\"elementor-element elementor-element-5cf00b9 elementor-widget elementor-widget-image\" data-id=\"5cf00b9\" data-element_type=\"widget\" data-e-type=\"widget\" data-widget_type=\"image.default\">\n\t\t\t\t<div class=\"elementor-widget-container\">\n\t\t\t\t\t\t\t\t\t\t\t\t\t\t\t<img loading=\"lazy\" decoding=\"async\" width=\"225\" height=\"225\" src=\"https:\/\/gnosissuisse.ch\/wp-content\/uploads\/2021\/12\/MUSICA-PLATONE.jpg\" class=\"attachment-large size-large wp-image-1517\" alt=\"\" srcset=\"https:\/\/gnosissuisse.ch\/wp-content\/uploads\/2021\/12\/MUSICA-PLATONE.jpg 225w, https:\/\/gnosissuisse.ch\/wp-content\/uploads\/2021\/12\/MUSICA-PLATONE-150x150.jpg 150w\" sizes=\"(max-width: 225px) 100vw, 225px\" \/>\t\t\t\t\t\t\t\t\t\t\t\t\t\t\t<\/div>\n\t\t\t\t<\/div>\n\t\t\t\t\t<\/div>\n\t\t<\/div>\n\t\t\t\t\t<\/div>\n\t\t<\/section>\n\t\t\t\t<section class=\"elementor-section elementor-top-section elementor-element elementor-element-ebc1134 elementor-section-boxed elementor-section-height-default elementor-section-height-default\" data-id=\"ebc1134\" data-element_type=\"section\" data-e-type=\"section\">\n\t\t\t\t\t\t<div class=\"elementor-container elementor-column-gap-default\">\n\t\t\t\t\t<div class=\"elementor-column elementor-col-100 elementor-top-column elementor-element elementor-element-b5bfc46\" data-id=\"b5bfc46\" data-element_type=\"column\" data-e-type=\"column\">\n\t\t\t<div class=\"elementor-widget-wrap elementor-element-populated\">\n\t\t\t\t\t\t<div class=\"elementor-element elementor-element-4858ae2 elementor-widget elementor-widget-text-editor\" data-id=\"4858ae2\" data-element_type=\"widget\" data-e-type=\"widget\" data-widget_type=\"text-editor.default\">\n\t\t\t\t<div class=\"elementor-widget-container\">\n\t\t\t\t\t\t\t\t\t<p>Por esta raz\u00f3n, la sabidur\u00eda gn\u00f3stica sugiere que seamos nosotros mismos quienes elijamos estas etapas y no las dejemos a los caprichos de la moda o las tendencias. Ci riusciamo selezionando correttamente le melodie che ascoltiamo.<\/p>\t\t\t\t\t\t\t\t<\/div>\n\t\t\t\t<\/div>\n\t\t\t\t\t<\/div>\n\t\t<\/div>\n\t\t\t\t\t<\/div>\n\t\t<\/section>\n\t\t\t\t<section class=\"elementor-section elementor-top-section elementor-element elementor-element-47e3957 elementor-section-boxed elementor-section-height-default elementor-section-height-default\" data-id=\"47e3957\" data-element_type=\"section\" data-e-type=\"section\">\n\t\t\t\t\t\t<div class=\"elementor-container elementor-column-gap-default\">\n\t\t\t\t\t<div class=\"elementor-column elementor-col-100 elementor-top-column elementor-element elementor-element-70bcbcf\" data-id=\"70bcbcf\" data-element_type=\"column\" data-e-type=\"column\">\n\t\t\t<div class=\"elementor-widget-wrap elementor-element-populated\">\n\t\t\t\t\t\t<div class=\"elementor-element elementor-element-0a5bea7 elementor-widget elementor-widget-heading\" data-id=\"0a5bea7\" data-element_type=\"widget\" data-e-type=\"widget\" data-widget_type=\"heading.default\">\n\t\t\t\t<div class=\"elementor-widget-container\">\n\t\t\t\t\t<h2 class=\"elementor-heading-title elementor-size-default\">Movimiento, sonido y m\u00fasica<\/h2>\t\t\t\t<\/div>\n\t\t\t\t<\/div>\n\t\t\t\t\t<\/div>\n\t\t<\/div>\n\t\t\t\t\t<\/div>\n\t\t<\/section>\n\t\t\t\t<section class=\"elementor-section elementor-top-section elementor-element elementor-element-c60cf21 elementor-section-boxed elementor-section-height-default elementor-section-height-default\" data-id=\"c60cf21\" data-element_type=\"section\" data-e-type=\"section\">\n\t\t\t\t\t\t<div class=\"elementor-container elementor-column-gap-default\">\n\t\t\t\t\t<div class=\"elementor-column elementor-col-100 elementor-top-column elementor-element elementor-element-ac546ce\" data-id=\"ac546ce\" data-element_type=\"column\" data-e-type=\"column\">\n\t\t\t<div class=\"elementor-widget-wrap elementor-element-populated\">\n\t\t\t\t\t\t<div class=\"elementor-element elementor-element-a87a2b8 elementor-widget elementor-widget-text-editor\" data-id=\"a87a2b8\" data-element_type=\"widget\" data-e-type=\"widget\" data-widget_type=\"text-editor.default\">\n\t\t\t\t<div class=\"elementor-widget-container\">\n\t\t\t\t\t\t\t\t\t<p><em>\u201cTodo se mueve en armon\u00eda con el sonido.\u00a0<\/em><\/p><p><em><b>Dove c'\u00e8 movimento, c'\u00e8 suono.\u00a0<\/b><\/em><\/p><p><em><b>El o\u00eddo humano s\u00f3lo puede percibir un n\u00famero limitado de vibraciones sonoras.\u00a0<\/b><\/em><em><b>Tuttavia, sopra e sotto queste vibrazioni che l'orecchio registra, ci sono molteplici onde sonore che nessuno \u00e8 in grado di percepire.<\/b>\u00a0<\/em><\/p><p><em>Los peces marinos producen su suoni particular. Las formas se comunican entre s\u00ed con sonidos imperceptibles para nuestra percepci\u00f3n f\u00edsica. Las ondas sonoras, al actuar sobre el agua, producen movimientos de elevaci\u00f3n y presi\u00f3n del agua. Las ondas sonoras, al actuar sobre el aire, producen movimientos conc\u00e9ntricos... Las bombas at\u00f3micas, al girar en torno a los centros de sus n\u00facleos, producen ciertas sustancias imperceptibles para el hombre. Fuoco, aria, acqua e terra hanno le loro particolari note sonore...\u201d.\u00a0<\/em><\/p><p>Samael Aun Weor Logos Mantra Teurgia<\/p>\t\t\t\t\t\t\t\t<\/div>\n\t\t\t\t<\/div>\n\t\t\t\t\t<\/div>\n\t\t<\/div>\n\t\t\t\t\t<\/div>\n\t\t<\/section>\n\t\t\t\t<section class=\"elementor-section elementor-top-section elementor-element elementor-element-574343f elementor-section-boxed elementor-section-height-default elementor-section-height-default\" data-id=\"574343f\" data-element_type=\"section\" data-e-type=\"section\">\n\t\t\t\t\t\t<div class=\"elementor-container elementor-column-gap-default\">\n\t\t\t\t\t<div class=\"elementor-column elementor-col-100 elementor-top-column elementor-element elementor-element-da142d8\" data-id=\"da142d8\" data-element_type=\"column\" data-e-type=\"column\">\n\t\t\t<div class=\"elementor-widget-wrap elementor-element-populated\">\n\t\t\t\t\t\t<div class=\"elementor-element elementor-element-45d4539 elementor-widget elementor-widget-image\" data-id=\"45d4539\" data-element_type=\"widget\" data-e-type=\"widget\" data-widget_type=\"image.default\">\n\t\t\t\t<div class=\"elementor-widget-container\">\n\t\t\t\t\t\t\t\t\t\t\t\t\t\t\t<img loading=\"lazy\" decoding=\"async\" width=\"640\" height=\"640\" src=\"https:\/\/gnosissuisse.ch\/wp-content\/uploads\/2021\/12\/MUSICA-CHE-CURA.jpg\" class=\"attachment-large size-large wp-image-1518\" alt=\"\" srcset=\"https:\/\/gnosissuisse.ch\/wp-content\/uploads\/2021\/12\/MUSICA-CHE-CURA.jpg 640w, https:\/\/gnosissuisse.ch\/wp-content\/uploads\/2021\/12\/MUSICA-CHE-CURA-300x300.jpg 300w, https:\/\/gnosissuisse.ch\/wp-content\/uploads\/2021\/12\/MUSICA-CHE-CURA-150x150.jpg 150w, https:\/\/gnosissuisse.ch\/wp-content\/uploads\/2021\/12\/MUSICA-CHE-CURA-230x230.jpg 230w, https:\/\/gnosissuisse.ch\/wp-content\/uploads\/2021\/12\/MUSICA-CHE-CURA-350x350.jpg 350w, https:\/\/gnosissuisse.ch\/wp-content\/uploads\/2021\/12\/MUSICA-CHE-CURA-480x480.jpg 480w\" sizes=\"(max-width: 640px) 100vw, 640px\" \/>\t\t\t\t\t\t\t\t\t\t\t\t\t\t\t<\/div>\n\t\t\t\t<\/div>\n\t\t\t\t\t<\/div>\n\t\t<\/div>\n\t\t\t\t\t<\/div>\n\t\t<\/section>\n\t\t\t\t<section class=\"elementor-section elementor-top-section elementor-element elementor-element-f6184fc elementor-section-boxed elementor-section-height-default elementor-section-height-default\" data-id=\"f6184fc\" data-element_type=\"section\" data-e-type=\"section\">\n\t\t\t\t\t\t<div class=\"elementor-container elementor-column-gap-default\">\n\t\t\t\t\t<div class=\"elementor-column elementor-col-100 elementor-top-column elementor-element elementor-element-1a732f1\" data-id=\"1a732f1\" data-element_type=\"column\" data-e-type=\"column\">\n\t\t\t<div class=\"elementor-widget-wrap elementor-element-populated\">\n\t\t\t\t\t\t<div class=\"elementor-element elementor-element-55acc97 elementor-widget elementor-widget-text-editor\" data-id=\"55acc97\" data-element_type=\"widget\" data-e-type=\"widget\" data-widget_type=\"text-editor.default\">\n\t\t\t\t<div class=\"elementor-widget-container\">\n\t\t\t\t\t\t\t\t\t<p>Cada movimiento tiene su propia vivacidad, su propio sonido, su propia forma de lectura, en la que se manifiesta.  Se ha demostrado que, en general, los acordes menores en m\u00fasica generan melod\u00edas malolientes que producen momentos de tristeza. D'altra parte, gli accordi maggiori producono stati di gioia. Los efectos de la musicoterapia han sido ampliamente estudiados. Reflexionar sobre estos temas nos lleva a preguntarnos: \u00bfen qu\u00e9 nota vibramos? \u00bfEs nuestra vibraci\u00f3n la misma cuando estamos contentos y cuando estamos tristes?<\/p><p><strong>Tambi\u00e9n hay estudios y pruebas sonoras (con amplificadores de vibraci\u00f3n) que han demostrado la armon\u00eda.<\/strong> <strong>musicale del \u201ccanto\u201d di alberi e piante.<\/strong> Recientemente, se ha hecho viral un v\u00eddeo sobre la melod\u00eda que emiten las girasoli, similar al surtido de un viol\u00edn. Del mismo modo, se han realizado experimentos sobre las ondas sonoras que emiten las parrillas cuando cantan, de modo que cuando se reduce la frecuencia de las vibraciones que emiten, es posible percibir su somnolencia del mismo modo que el canto de un coro angelical de ni\u00f1os.<\/p><p><strong>La m\u00fasica est\u00e1 ligada al principio universal de la vibraci\u00f3n, que dice que todo vibra, todo est\u00e1 en movimiento, lo que se percibe o no se percibe.<\/strong> <strong>no.<\/strong><\/p><p>La vibraci\u00f3n produce sonido, pero el ser humano s\u00f3lo percibe una parte de los sonidos que genera; dentro de esta gama de sonidos hay varias frecuencias espec\u00edficas con las que se hace m\u00fasica.<\/p><p>Quindi non si allontana mai dalla sua propria natura, che \u00e8 il movimento.\u00a0<\/p><p><strong>Pertanto, qualunque sia la musica che stiamo ascoltando, qualcosa si muover\u00e0.<\/strong><\/p><p>A trav\u00e9s de la autoconoscencia nos impariamo a beneficiare del movimento, del suono e della musica.<\/p><p>\u00c8 importante che queste vibrazioni ci mobilitino in modo beneficioso e armonioso. <strong>Pertanto, \u00e8 essenziale che la musica che ascoltiamo generi gioia, che ci metta in sintonia con la vita sui livelli di materia, energia<\/strong> <strong>e coscienza.<\/strong><\/p><p><strong>Puesto que toda la naturaleza emite su propia melod\u00eda, como parte de esa misma naturaleza, necesitamos encontrar nuestra propia nota clave que nos haga vibrar en armon\u00eda con el universo.<\/strong>\u00a0<\/p><p>E in questo modo, attraverso la musica raggiungere il nostro equilibrio interiore.<\/p>\t\t\t\t\t\t\t\t<\/div>\n\t\t\t\t<\/div>\n\t\t\t\t\t<\/div>\n\t\t<\/div>\n\t\t\t\t\t<\/div>\n\t\t<\/section>\n\t\t\t\t<section class=\"elementor-section elementor-top-section elementor-element elementor-element-e771ec1 elementor-section-boxed elementor-section-height-default elementor-section-height-default\" data-id=\"e771ec1\" data-element_type=\"section\" data-e-type=\"section\">\n\t\t\t\t\t\t<div class=\"elementor-container elementor-column-gap-default\">\n\t\t\t\t\t<div class=\"elementor-column elementor-col-100 elementor-top-column elementor-element elementor-element-14539fe\" data-id=\"14539fe\" data-element_type=\"column\" data-e-type=\"column\">\n\t\t\t<div class=\"elementor-widget-wrap elementor-element-populated\">\n\t\t\t\t\t\t<div class=\"elementor-element elementor-element-2a2a59b elementor-widget elementor-widget-image\" data-id=\"2a2a59b\" data-element_type=\"widget\" data-e-type=\"widget\" data-widget_type=\"image.default\">\n\t\t\t\t<div class=\"elementor-widget-container\">\n\t\t\t\t\t\t\t\t\t\t\t\t\t\t\t<img loading=\"lazy\" decoding=\"async\" width=\"800\" height=\"483\" src=\"https:\/\/gnosissuisse.ch\/wp-content\/uploads\/2021\/12\/musicoterapia-ictus.jpg\" class=\"attachment-large size-large wp-image-1519\" alt=\"\" srcset=\"https:\/\/gnosissuisse.ch\/wp-content\/uploads\/2021\/12\/musicoterapia-ictus.jpg 1000w, https:\/\/gnosissuisse.ch\/wp-content\/uploads\/2021\/12\/musicoterapia-ictus-300x181.jpg 300w, https:\/\/gnosissuisse.ch\/wp-content\/uploads\/2021\/12\/musicoterapia-ictus-768x464.jpg 768w, https:\/\/gnosissuisse.ch\/wp-content\/uploads\/2021\/12\/musicoterapia-ictus-830x501.jpg 830w, https:\/\/gnosissuisse.ch\/wp-content\/uploads\/2021\/12\/musicoterapia-ictus-230x139.jpg 230w, https:\/\/gnosissuisse.ch\/wp-content\/uploads\/2021\/12\/musicoterapia-ictus-350x211.jpg 350w, https:\/\/gnosissuisse.ch\/wp-content\/uploads\/2021\/12\/musicoterapia-ictus-480x290.jpg 480w\" sizes=\"(max-width: 800px) 100vw, 800px\" \/>\t\t\t\t\t\t\t\t\t\t\t\t\t\t\t<\/div>\n\t\t\t\t<\/div>\n\t\t\t\t\t<\/div>\n\t\t<\/div>\n\t\t\t\t\t<\/div>\n\t\t<\/section>\n\t\t\t\t<section class=\"elementor-section elementor-top-section elementor-element elementor-element-9f1cec0 elementor-section-boxed elementor-section-height-default elementor-section-height-default\" data-id=\"9f1cec0\" data-element_type=\"section\" data-e-type=\"section\">\n\t\t\t\t\t\t<div class=\"elementor-container elementor-column-gap-default\">\n\t\t\t\t\t<div class=\"elementor-column elementor-col-100 elementor-top-column elementor-element elementor-element-d55064e\" data-id=\"d55064e\" data-element_type=\"column\" data-e-type=\"column\">\n\t\t\t<div class=\"elementor-widget-wrap elementor-element-populated\">\n\t\t\t\t\t\t<div class=\"elementor-element elementor-element-9c3bc5a elementor-widget elementor-widget-image\" data-id=\"9c3bc5a\" data-element_type=\"widget\" data-e-type=\"widget\" data-widget_type=\"image.default\">\n\t\t\t\t<div class=\"elementor-widget-container\">\n\t\t\t\t\t\t\t\t\t\t\t\t\t\t\t<img loading=\"lazy\" decoding=\"async\" width=\"800\" height=\"527\" src=\"https:\/\/gnosissuisse.ch\/wp-content\/uploads\/2021\/12\/babie_lato_2000_1316-1024x674.jpg\" class=\"attachment-large size-large wp-image-1521\" alt=\"\" srcset=\"https:\/\/gnosissuisse.ch\/wp-content\/uploads\/2021\/12\/babie_lato_2000_1316-1024x674.jpg 1024w, https:\/\/gnosissuisse.ch\/wp-content\/uploads\/2021\/12\/babie_lato_2000_1316-300x197.jpg 300w, https:\/\/gnosissuisse.ch\/wp-content\/uploads\/2021\/12\/babie_lato_2000_1316-768x505.jpg 768w, https:\/\/gnosissuisse.ch\/wp-content\/uploads\/2021\/12\/babie_lato_2000_1316-1536x1011.jpg 1536w, https:\/\/gnosissuisse.ch\/wp-content\/uploads\/2021\/12\/babie_lato_2000_1316-830x546.jpg 830w, https:\/\/gnosissuisse.ch\/wp-content\/uploads\/2021\/12\/babie_lato_2000_1316-230x151.jpg 230w, https:\/\/gnosissuisse.ch\/wp-content\/uploads\/2021\/12\/babie_lato_2000_1316-350x230.jpg 350w, https:\/\/gnosissuisse.ch\/wp-content\/uploads\/2021\/12\/babie_lato_2000_1316-480x316.jpg 480w, https:\/\/gnosissuisse.ch\/wp-content\/uploads\/2021\/12\/babie_lato_2000_1316.jpg 2000w\" sizes=\"(max-width: 800px) 100vw, 800px\" \/>\t\t\t\t\t\t\t\t\t\t\t\t\t\t\t<\/div>\n\t\t\t\t<\/div>\n\t\t\t\t\t<\/div>\n\t\t<\/div>\n\t\t\t\t\t<\/div>\n\t\t<\/section>\n\t\t\t\t<\/div>","protected":false},"excerpt":{"rendered":"<p>La musica, vista dall'approccio della autoconoscenza, non \u00e8 solo considerata come un'altra espressione artistica, ma \u00e8 considerata come un'armonia che ci permette di equilibrare corpo, mente ed emozione. Por eso decimos que la m\u00fasica y el equilibrio interior est\u00e1n estrechamente relacionados. Se guardiamo tutta la nostra vita, ha una colonna sonora che ci accompagna da [...]<\/p>","protected":false},"author":4,"featured_media":0,"comment_status":"closed","ping_status":"open","sticky":false,"template":"","format":"standard","meta":{"footnotes":""},"categories":[1],"tags":[],"class_list":["post-1512","post","type-post","status-publish","format-standard","hentry","category-sin-categoria"],"_links":{"self":[{"href":"https:\/\/gnosissuisse.ch\/es\/wp-json\/wp\/v2\/posts\/1512","targetHints":{"allow":["GET"]}}],"collection":[{"href":"https:\/\/gnosissuisse.ch\/es\/wp-json\/wp\/v2\/posts"}],"about":[{"href":"https:\/\/gnosissuisse.ch\/es\/wp-json\/wp\/v2\/types\/post"}],"author":[{"embeddable":true,"href":"https:\/\/gnosissuisse.ch\/es\/wp-json\/wp\/v2\/users\/4"}],"replies":[{"embeddable":true,"href":"https:\/\/gnosissuisse.ch\/es\/wp-json\/wp\/v2\/comments?post=1512"}],"version-history":[{"count":7,"href":"https:\/\/gnosissuisse.ch\/es\/wp-json\/wp\/v2\/posts\/1512\/revisions"}],"predecessor-version":[{"id":1554,"href":"https:\/\/gnosissuisse.ch\/es\/wp-json\/wp\/v2\/posts\/1512\/revisions\/1554"}],"wp:attachment":[{"href":"https:\/\/gnosissuisse.ch\/es\/wp-json\/wp\/v2\/media?parent=1512"}],"wp:term":[{"taxonomy":"category","embeddable":true,"href":"https:\/\/gnosissuisse.ch\/es\/wp-json\/wp\/v2\/categories?post=1512"},{"taxonomy":"post_tag","embeddable":true,"href":"https:\/\/gnosissuisse.ch\/es\/wp-json\/wp\/v2\/tags?post=1512"}],"curies":[{"name":"wp","href":"https:\/\/api.w.org\/{rel}","templated":true}]}}