{"id":1486,"date":"2021-12-22T13:51:08","date_gmt":"2021-12-22T13:51:08","guid":{"rendered":"https:\/\/gnosissuisse.ch\/?p=1486"},"modified":"2022-09-16T18:25:10","modified_gmt":"2022-09-16T16:25:10","slug":"las-facultades-internas-del-hombre","status":"publish","type":"post","link":"https:\/\/gnosissuisse.ch\/es\/las-facultades-internas-del-hombre\/","title":{"rendered":"LAS FACULTADES INTERNAS DEL HOMBRE"},"content":{"rendered":"<div data-elementor-type=\"wp-post\" data-elementor-id=\"1486\" class=\"elementor elementor-1486\" data-elementor-post-type=\"post\">\n\t\t\t\t\t\t<section class=\"elementor-section elementor-top-section elementor-element elementor-element-0c25620 elementor-section-boxed elementor-section-height-default elementor-section-height-default\" data-id=\"0c25620\" data-element_type=\"section\" data-e-type=\"section\">\n\t\t\t\t\t\t<div class=\"elementor-container elementor-column-gap-default\">\n\t\t\t\t\t<div class=\"elementor-column elementor-col-100 elementor-top-column elementor-element elementor-element-39f697e\" data-id=\"39f697e\" data-element_type=\"column\" data-e-type=\"column\">\n\t\t\t<div class=\"elementor-widget-wrap elementor-element-populated\">\n\t\t\t\t\t\t<div class=\"elementor-element elementor-element-e449fba elementor-widget elementor-widget-text-editor\" data-id=\"e449fba\" data-element_type=\"widget\" data-e-type=\"widget\" data-widget_type=\"text-editor.default\">\n\t\t\t\t<div class=\"elementor-widget-container\">\n\t\t\t\t\t\t\t\t\t<p>Al igual que tenemos cinco sentidos f\u00edsicos, tambi\u00e9n tenemos sentidos internos.  Al igual que la vida de un enorme \u00e1rbol duerme en una sola semilla, las facultades internas del hombre est\u00e1n potencialmente presentes en cada persona.<\/p><p>El primer sentido o facultad que necesitamos desarrollar es el sentido del autoconocimiento, que nos permite ser conscientes de qui\u00e9nes y qu\u00e9 somos y de la ense\u00f1anza que recibimos de todos los aspectos de nuestra vida. El sentido de la autoobservaci\u00f3n es indispensable para el autoconocimiento y es muy f\u00e1cil de desarrollar, porque cuanto m\u00e1s aprendemos y practicamos este sentido, m\u00e1s crece nuestra capacidad de autoobservaci\u00f3n.<\/p><p>Chi si osserva e si conosce, conosce il suo mondo interiore: istinti, pensieri, sentimenti, ecc. scoprendo la vera realt\u00e0 di se stesso. Cuando descubrimos nuestra propia verdad, nos vemos obligados a percibir las vibraciones c\u00f3smicas que emanan del universo y que, a su vez, permiten el desarrollo de m\u00e1s facultades.<\/p>\t\t\t\t\t\t\t\t<\/div>\n\t\t\t\t<\/div>\n\t\t\t\t\t<\/div>\n\t\t<\/div>\n\t\t\t\t\t<\/div>\n\t\t<\/section>\n\t\t\t\t<section class=\"elementor-section elementor-top-section elementor-element elementor-element-2faa12b elementor-section-boxed elementor-section-height-default elementor-section-height-default\" data-id=\"2faa12b\" data-element_type=\"section\" data-e-type=\"section\">\n\t\t\t\t\t\t<div class=\"elementor-container elementor-column-gap-default\">\n\t\t\t\t\t<div class=\"elementor-column elementor-col-100 elementor-top-column elementor-element elementor-element-1aa4a42\" data-id=\"1aa4a42\" data-element_type=\"column\" data-e-type=\"column\">\n\t\t\t<div class=\"elementor-widget-wrap elementor-element-populated\">\n\t\t\t\t\t\t<div class=\"elementor-element elementor-element-9f53655 elementor-widget elementor-widget-image\" data-id=\"9f53655\" data-element_type=\"widget\" data-e-type=\"widget\" data-widget_type=\"image.default\">\n\t\t\t\t<div class=\"elementor-widget-container\">\n\t\t\t\t\t\t\t\t\t\t\t\t\t\t\t<img fetchpriority=\"high\" decoding=\"async\" width=\"558\" height=\"335\" src=\"https:\/\/gnosissuisse.ch\/wp-content\/uploads\/2021\/12\/cervello-di-chi-medita.jpg\" class=\"attachment-large size-large wp-image-1491\" alt=\"cervello di chi medita\" srcset=\"https:\/\/gnosissuisse.ch\/wp-content\/uploads\/2021\/12\/cervello-di-chi-medita.jpg 558w, https:\/\/gnosissuisse.ch\/wp-content\/uploads\/2021\/12\/cervello-di-chi-medita-300x180.jpg 300w, https:\/\/gnosissuisse.ch\/wp-content\/uploads\/2021\/12\/cervello-di-chi-medita-230x138.jpg 230w, https:\/\/gnosissuisse.ch\/wp-content\/uploads\/2021\/12\/cervello-di-chi-medita-350x210.jpg 350w, https:\/\/gnosissuisse.ch\/wp-content\/uploads\/2021\/12\/cervello-di-chi-medita-480x288.jpg 480w\" sizes=\"(max-width: 558px) 100vw, 558px\" \/>\t\t\t\t\t\t\t\t\t\t\t\t\t\t\t<\/div>\n\t\t\t\t<\/div>\n\t\t\t\t\t<\/div>\n\t\t<\/div>\n\t\t\t\t\t<\/div>\n\t\t<\/section>\n\t\t\t\t<section class=\"elementor-section elementor-top-section elementor-element elementor-element-6dc2be9 elementor-section-boxed elementor-section-height-default elementor-section-height-default\" data-id=\"6dc2be9\" data-element_type=\"section\" data-e-type=\"section\">\n\t\t\t\t\t\t<div class=\"elementor-container elementor-column-gap-default\">\n\t\t\t\t\t<div class=\"elementor-column elementor-col-100 elementor-top-column elementor-element elementor-element-5ab7807\" data-id=\"5ab7807\" data-element_type=\"column\" data-e-type=\"column\">\n\t\t\t<div class=\"elementor-widget-wrap elementor-element-populated\">\n\t\t\t\t\t\t\t<\/div>\n\t\t<\/div>\n\t\t\t\t\t<\/div>\n\t\t<\/section>\n\t\t\t\t<section class=\"elementor-section elementor-top-section elementor-element elementor-element-6d10d54 elementor-section-boxed elementor-section-height-default elementor-section-height-default\" data-id=\"6d10d54\" data-element_type=\"section\" data-e-type=\"section\">\n\t\t\t\t\t\t<div class=\"elementor-container elementor-column-gap-default\">\n\t\t\t\t\t<div class=\"elementor-column elementor-col-100 elementor-top-column elementor-element elementor-element-a200a1c\" data-id=\"a200a1c\" data-element_type=\"column\" data-e-type=\"column\">\n\t\t\t<div class=\"elementor-widget-wrap elementor-element-populated\">\n\t\t\t\t\t\t<div class=\"elementor-element elementor-element-e865a64 elementor-widget elementor-widget-heading\" data-id=\"e865a64\" data-element_type=\"widget\" data-e-type=\"widget\" data-widget_type=\"heading.default\">\n\t\t\t\t<div class=\"elementor-widget-container\">\n\t\t\t\t\t<h2 class=\"elementor-heading-title elementor-size-default\">Energia, Ghiandole e Chakra<\/h2>\t\t\t\t<\/div>\n\t\t\t\t<\/div>\n\t\t\t\t\t<\/div>\n\t\t<\/div>\n\t\t\t\t\t<\/div>\n\t\t<\/section>\n\t\t\t\t<section class=\"elementor-section elementor-top-section elementor-element elementor-element-ea70ca3 elementor-section-boxed elementor-section-height-default elementor-section-height-default\" data-id=\"ea70ca3\" data-element_type=\"section\" data-e-type=\"section\">\n\t\t\t\t\t\t<div class=\"elementor-container elementor-column-gap-default\">\n\t\t\t\t\t<div class=\"elementor-column elementor-col-100 elementor-top-column elementor-element elementor-element-e63c8f2\" data-id=\"e63c8f2\" data-element_type=\"column\" data-e-type=\"column\">\n\t\t\t<div class=\"elementor-widget-wrap elementor-element-populated\">\n\t\t\t\t\t\t<div class=\"elementor-element elementor-element-2a1f964 elementor-widget elementor-widget-text-editor\" data-id=\"2a1f964\" data-element_type=\"widget\" data-e-type=\"widget\" data-widget_type=\"text-editor.default\">\n\t\t\t\t<div class=\"elementor-widget-container\">\n\t\t\t\t\t\t\t\t\t<p>Est\u00e1 cient\u00edficamente demostrado que todo tiene energ\u00eda y est\u00e1 en constante movimiento y transformaci\u00f3n. Sin embargo, nuestro organismo tambi\u00e9n produce su propia energ\u00eda vital. \u00c9sta se obtiene de los alimentos que ingerimos, del aire que respiramos y de las impresiones que recibimos a trav\u00e9s de nuestros cinco sentidos.<\/p><p>Esta energ\u00eda se transforma en nosotros, a trav\u00e9s de las maravillosas ghiandolas de secreci\u00f3n interna que activan nuestro cuerpo y regulan todas sus funciones vitales. El contenido vital de cada ghiandola est\u00e1 \u00edntimamente ligado a la constituci\u00f3n interna del hombre, a los chakras del cuerpo astral y a sus facultades. Estas facultades internas del ser humano est\u00e1n dormidas, pero pueden reavivarse con un poco de esfuerzo consciente.<\/p>\t\t\t\t\t\t\t\t<\/div>\n\t\t\t\t<\/div>\n\t\t\t\t\t<\/div>\n\t\t<\/div>\n\t\t\t\t\t<\/div>\n\t\t<\/section>\n\t\t\t\t<section class=\"elementor-section elementor-top-section elementor-element elementor-element-554bc68 elementor-section-boxed elementor-section-height-default elementor-section-height-default\" data-id=\"554bc68\" data-element_type=\"section\" data-e-type=\"section\">\n\t\t\t\t\t\t<div class=\"elementor-container elementor-column-gap-default\">\n\t\t\t\t\t<div class=\"elementor-column elementor-col-100 elementor-top-column elementor-element elementor-element-d17eb2f\" data-id=\"d17eb2f\" data-element_type=\"column\" data-e-type=\"column\">\n\t\t\t<div class=\"elementor-widget-wrap elementor-element-populated\">\n\t\t\t\t\t\t<div class=\"elementor-element elementor-element-1edbbd3 elementor-widget elementor-widget-image\" data-id=\"1edbbd3\" data-element_type=\"widget\" data-e-type=\"widget\" data-widget_type=\"image.default\">\n\t\t\t\t<div class=\"elementor-widget-container\">\n\t\t\t\t\t\t\t\t\t\t\t\t\t\t\t<img decoding=\"async\" width=\"800\" height=\"299\" src=\"https:\/\/gnosissuisse.ch\/wp-content\/uploads\/2021\/12\/POTERI-DELUOMO-1024x383.jpeg\" class=\"attachment-large size-large wp-image-1496\" alt=\"\" srcset=\"https:\/\/gnosissuisse.ch\/wp-content\/uploads\/2021\/12\/POTERI-DELUOMO-1024x383.jpeg 1024w, https:\/\/gnosissuisse.ch\/wp-content\/uploads\/2021\/12\/POTERI-DELUOMO-300x112.jpeg 300w, https:\/\/gnosissuisse.ch\/wp-content\/uploads\/2021\/12\/POTERI-DELUOMO-768x287.jpeg 768w, https:\/\/gnosissuisse.ch\/wp-content\/uploads\/2021\/12\/POTERI-DELUOMO-830x310.jpeg 830w, https:\/\/gnosissuisse.ch\/wp-content\/uploads\/2021\/12\/POTERI-DELUOMO-230x86.jpeg 230w, https:\/\/gnosissuisse.ch\/wp-content\/uploads\/2021\/12\/POTERI-DELUOMO-350x131.jpeg 350w, https:\/\/gnosissuisse.ch\/wp-content\/uploads\/2021\/12\/POTERI-DELUOMO-480x179.jpeg 480w, https:\/\/gnosissuisse.ch\/wp-content\/uploads\/2021\/12\/POTERI-DELUOMO.jpeg 1400w\" sizes=\"(max-width: 800px) 100vw, 800px\" \/>\t\t\t\t\t\t\t\t\t\t\t\t\t\t\t<\/div>\n\t\t\t\t<\/div>\n\t\t\t\t\t<\/div>\n\t\t<\/div>\n\t\t\t\t\t<\/div>\n\t\t<\/section>\n\t\t\t\t<section class=\"elementor-section elementor-top-section elementor-element elementor-element-37b50cf elementor-section-boxed elementor-section-height-default elementor-section-height-default\" data-id=\"37b50cf\" data-element_type=\"section\" data-e-type=\"section\">\n\t\t\t\t\t\t<div class=\"elementor-container elementor-column-gap-default\">\n\t\t\t\t\t<div class=\"elementor-column elementor-col-100 elementor-top-column elementor-element elementor-element-3111c68\" data-id=\"3111c68\" data-element_type=\"column\" data-e-type=\"column\">\n\t\t\t<div class=\"elementor-widget-wrap elementor-element-populated\">\n\t\t\t\t\t\t<div class=\"elementor-element elementor-element-8b9afb1 elementor-widget elementor-widget-heading\" data-id=\"8b9afb1\" data-element_type=\"widget\" data-e-type=\"widget\" data-widget_type=\"heading.default\">\n\t\t\t\t<div class=\"elementor-widget-container\">\n\t\t\t\t\t<h2 class=\"elementor-heading-title elementor-size-default\">Chakra y I Loro Poteri<\/h2>\t\t\t\t<\/div>\n\t\t\t\t<\/div>\n\t\t\t\t\t<\/div>\n\t\t<\/div>\n\t\t\t\t\t<\/div>\n\t\t<\/section>\n\t\t\t\t<section class=\"elementor-section elementor-top-section elementor-element elementor-element-5a4c57c elementor-section-boxed elementor-section-height-default elementor-section-height-default\" data-id=\"5a4c57c\" data-element_type=\"section\" data-e-type=\"section\">\n\t\t\t\t\t\t<div class=\"elementor-container elementor-column-gap-default\">\n\t\t\t\t\t<div class=\"elementor-column elementor-col-100 elementor-top-column elementor-element elementor-element-fcc1c25\" data-id=\"fcc1c25\" data-element_type=\"column\" data-e-type=\"column\">\n\t\t\t<div class=\"elementor-widget-wrap elementor-element-populated\">\n\t\t\t\t\t\t<div class=\"elementor-element elementor-element-dc8a4ba elementor-widget elementor-widget-text-editor\" data-id=\"dc8a4ba\" data-element_type=\"widget\" data-e-type=\"widget\" data-widget_type=\"text-editor.default\">\n\t\t\t\t<div class=\"elementor-widget-container\">\n\t\t\t\t\t\t\t\t\t<p><strong>I chakra sono centri magnetici che si trovano all'interno del nostro organismo, nel mondo astrale.<\/strong> \u00a0\u00a0<\/p><p>Quando impariamo a utilizzare saggiamente la nostra energia, questi centri magnetici si caricano e si risvegliano per concederci innumerevoli benefici.<\/p><p>I chakra adeguatamente magnetizzati ci conferiscono poteri occulti speciali: chiaroveggenza, chiarudienza, telepatia, intuizione, potere di ricordare le nostre esistenze passate, onniscienza e altri. En cualquier caso, necesitamos la disciplina y la determinaci\u00f3n para desarrollar estas habilidades, as\u00ed como conocer las pr\u00e1cticas precisas para hacerlo. Es lo mismo que se aprende en las peores escuelas de misterios.<\/p><p>La parola chakra, in sanscrito, significa \u201cruota, cerchio o disco\u201d, ed \u00e8 utilizzata per rappresentare i centri energetici del nostro corpo, che hanno il compito di \u201cricevere e distribuire\u201d la nostra energia vitale.<\/p><p>I\u00a0<em>chakra<\/em>\u00a0principali sono 7, ed ognuno di loro, oltre ad avere caratteristiche specifiche, \u00e8 associato a determinate emozioni, sensazioni, funzionalit\u00e0 mentali e spirituali.<\/p>\t\t\t\t\t\t\t\t<\/div>\n\t\t\t\t<\/div>\n\t\t\t\t\t<\/div>\n\t\t<\/div>\n\t\t\t\t\t<\/div>\n\t\t<\/section>\n\t\t\t\t<section class=\"elementor-section elementor-top-section elementor-element elementor-element-bfe222a elementor-section-boxed elementor-section-height-default elementor-section-height-default\" data-id=\"bfe222a\" data-element_type=\"section\" data-e-type=\"section\">\n\t\t\t\t\t\t<div class=\"elementor-container elementor-column-gap-default\">\n\t\t\t\t\t<div class=\"elementor-column elementor-col-100 elementor-top-column elementor-element elementor-element-879ef98\" data-id=\"879ef98\" data-element_type=\"column\" data-e-type=\"column\">\n\t\t\t<div class=\"elementor-widget-wrap elementor-element-populated\">\n\t\t\t\t\t\t<div class=\"elementor-element elementor-element-fcb2eb8 elementor-widget elementor-widget-heading\" data-id=\"fcb2eb8\" data-element_type=\"widget\" data-e-type=\"widget\" data-widget_type=\"heading.default\">\n\t\t\t\t<div class=\"elementor-widget-container\">\n\t\t\t\t\t<h2 class=\"elementor-heading-title elementor-size-default\">Mamtra e Vocalizzazione<\/h2>\t\t\t\t<\/div>\n\t\t\t\t<\/div>\n\t\t\t\t\t<\/div>\n\t\t<\/div>\n\t\t\t\t\t<\/div>\n\t\t<\/section>\n\t\t\t\t<section class=\"elementor-section elementor-top-section elementor-element elementor-element-91afbdd elementor-section-boxed elementor-section-height-default elementor-section-height-default\" data-id=\"91afbdd\" data-element_type=\"section\" data-e-type=\"section\">\n\t\t\t\t\t\t<div class=\"elementor-container elementor-column-gap-default\">\n\t\t\t\t\t<div class=\"elementor-column elementor-col-100 elementor-top-column elementor-element elementor-element-610d141\" data-id=\"610d141\" data-element_type=\"column\" data-e-type=\"column\">\n\t\t\t<div class=\"elementor-widget-wrap elementor-element-populated\">\n\t\t\t\t\t\t<div class=\"elementor-element elementor-element-bf95f49 elementor-widget elementor-widget-text-editor\" data-id=\"bf95f49\" data-element_type=\"widget\" data-e-type=\"widget\" data-widget_type=\"text-editor.default\">\n\t\t\t\t<div class=\"elementor-widget-container\">\n\t\t\t\t\t\t\t\t\t<p>Vocalizzare \u00e8 mettere in vibrazione l'energia della propria voce. MANTRA significa \u201cvoz de poder\u201d. Vocalizzando i mantra \u00e8 possibile attivare i nostri chakra.<\/p><p><b>Chakra frontal:<\/b>\u00a0situato tra le sopracciglia, si attiva vocalizzando la lettera \u201cI\u201d e concede la facolt\u00e0 di chiaroveggenza.<\/p><p><b>Il Chakra della Laringe:<\/b>\u00a0si attiva vocalizzando la lettera \u201cE\u201d, concedendo la facolt\u00e0 di percepire i suoni dell'ultra.<\/p><p><b>Il Chakra Cardiaco:<\/b>\u00a0situado en el coraz\u00f3n, si attiva vocalizzando la lettera \u201cO\u201d e ci d\u00e0 il dono dell'intuizione.<\/p><p><b>El chakra umbelical:<\/b>\u00a0situado en el suelo se activa vocalizando la letra \u201cU\u201d y permite desarrollar la telepat\u00eda.<\/p><p><b>Il Chakra Polmonare:<\/b>\u00a0si attiva vocalizzando la lettera \u201cA\u201d e conferisce la memoria delle esistenze precedenti.<\/p><p><i>\u201cSi de verdad quieres desarrollar tus poderes, no te estanques, s\u00e9 tenaz, muy tenaz. Senza tenacia (...) \u00e8 completamente impossibile raggiungere il risveglio delle facolt\u00e0 superiori dell'anima\u201d. Samael Aun Weor. Il potere dei Mamtra.<\/i><\/p><p>In sintesi, tutti noi possediamo nel nostro interno, meravigliose e innumerevoli facolt\u00e0 dormienti. Gracias a nuestra voluntad y a la continuidad de nuestros prop\u00f3sitos, podemos sacarles el m\u00e1ximo partido y aprovechar sus m\u00faltiples ventajas en nuestra vida cotidiana.<\/p><p>Para saber m\u00e1s sobre este y otros argumentos, le invitamos a participar en nuestros cursos de autodiagn\u00f3stico en l\u00ednea y presenciales.<\/p>\t\t\t\t\t\t\t\t<\/div>\n\t\t\t\t<\/div>\n\t\t\t\t\t<\/div>\n\t\t<\/div>\n\t\t\t\t\t<\/div>\n\t\t<\/section>\n\t\t\t\t<section class=\"elementor-section elementor-top-section elementor-element elementor-element-d8b4978 elementor-section-boxed elementor-section-height-default elementor-section-height-default\" data-id=\"d8b4978\" data-element_type=\"section\" data-e-type=\"section\">\n\t\t\t\t\t\t<div class=\"elementor-container elementor-column-gap-default\">\n\t\t\t\t\t<div class=\"elementor-column elementor-col-100 elementor-top-column elementor-element elementor-element-cbdbd25\" data-id=\"cbdbd25\" data-element_type=\"column\" data-e-type=\"column\">\n\t\t\t<div class=\"elementor-widget-wrap elementor-element-populated\">\n\t\t\t\t\t\t<div class=\"elementor-element elementor-element-7499fe8 elementor-widget elementor-widget-image\" data-id=\"7499fe8\" data-element_type=\"widget\" data-e-type=\"widget\" data-widget_type=\"image.default\">\n\t\t\t\t<div class=\"elementor-widget-container\">\n\t\t\t\t\t\t\t\t\t\t\t\t\t\t\t<img decoding=\"async\" width=\"600\" height=\"499\" src=\"https:\/\/gnosissuisse.ch\/wp-content\/uploads\/2021\/12\/7-chakra-italiano.jpg\" class=\"attachment-large size-large wp-image-1508\" alt=\"7 CHAKRA\" srcset=\"https:\/\/gnosissuisse.ch\/wp-content\/uploads\/2021\/12\/7-chakra-italiano.jpg 600w, https:\/\/gnosissuisse.ch\/wp-content\/uploads\/2021\/12\/7-chakra-italiano-300x250.jpg 300w, https:\/\/gnosissuisse.ch\/wp-content\/uploads\/2021\/12\/7-chakra-italiano-230x191.jpg 230w, https:\/\/gnosissuisse.ch\/wp-content\/uploads\/2021\/12\/7-chakra-italiano-350x291.jpg 350w, https:\/\/gnosissuisse.ch\/wp-content\/uploads\/2021\/12\/7-chakra-italiano-480x399.jpg 480w\" sizes=\"(max-width: 600px) 100vw, 600px\" \/>\t\t\t\t\t\t\t\t\t\t\t\t\t\t\t<\/div>\n\t\t\t\t<\/div>\n\t\t\t\t\t<\/div>\n\t\t<\/div>\n\t\t\t\t\t<\/div>\n\t\t<\/section>\n\t\t\t\t<\/div>","protected":false},"excerpt":{"rendered":"<p>Al igual que tenemos cinco sentidos f\u00edsicos, tambi\u00e9n tenemos sentidos internos.  Al igual que la vida de un enorme \u00e1rbol yace latente en una sola semilla, las facultades interiores del hombre pueden encontrarse potencialmente en cada persona. El primer sentido o facolt\u00e0 que debemos captar es el sentido del autoconocimiento, que nos permite asumir responsabilidades [...].<\/p>","protected":false},"author":4,"featured_media":0,"comment_status":"closed","ping_status":"open","sticky":false,"template":"","format":"standard","meta":{"footnotes":""},"categories":[1],"tags":[],"class_list":["post-1486","post","type-post","status-publish","format-standard","hentry","category-sin-categoria"],"_links":{"self":[{"href":"https:\/\/gnosissuisse.ch\/es\/wp-json\/wp\/v2\/posts\/1486","targetHints":{"allow":["GET"]}}],"collection":[{"href":"https:\/\/gnosissuisse.ch\/es\/wp-json\/wp\/v2\/posts"}],"about":[{"href":"https:\/\/gnosissuisse.ch\/es\/wp-json\/wp\/v2\/types\/post"}],"author":[{"embeddable":true,"href":"https:\/\/gnosissuisse.ch\/es\/wp-json\/wp\/v2\/users\/4"}],"replies":[{"embeddable":true,"href":"https:\/\/gnosissuisse.ch\/es\/wp-json\/wp\/v2\/comments?post=1486"}],"version-history":[{"count":23,"href":"https:\/\/gnosissuisse.ch\/es\/wp-json\/wp\/v2\/posts\/1486\/revisions"}],"predecessor-version":[{"id":1839,"href":"https:\/\/gnosissuisse.ch\/es\/wp-json\/wp\/v2\/posts\/1486\/revisions\/1839"}],"wp:attachment":[{"href":"https:\/\/gnosissuisse.ch\/es\/wp-json\/wp\/v2\/media?parent=1486"}],"wp:term":[{"taxonomy":"category","embeddable":true,"href":"https:\/\/gnosissuisse.ch\/es\/wp-json\/wp\/v2\/categories?post=1486"},{"taxonomy":"post_tag","embeddable":true,"href":"https:\/\/gnosissuisse.ch\/es\/wp-json\/wp\/v2\/tags?post=1486"}],"curies":[{"name":"wp","href":"https:\/\/api.w.org\/{rel}","templated":true}]}}