{"id":1486,"date":"2021-12-22T13:51:08","date_gmt":"2021-12-22T13:51:08","guid":{"rendered":"https:\/\/gnosissuisse.ch\/?p=1486"},"modified":"2022-09-16T18:25:10","modified_gmt":"2022-09-16T16:25:10","slug":"die-innere-kraft-des-menschen","status":"publish","type":"post","link":"https:\/\/gnosissuisse.ch\/de\/die-innere-kraft-des-menschen\/","title":{"rendered":"Die innere Kraft des Menschen"},"content":{"rendered":"<div data-elementor-type=\"wp-post\" data-elementor-id=\"1486\" class=\"elementor elementor-1486\" data-elementor-post-type=\"post\">\n\t\t\t\t\t\t<section class=\"elementor-section elementor-top-section elementor-element elementor-element-0c25620 elementor-section-boxed elementor-section-height-default elementor-section-height-default\" data-id=\"0c25620\" data-element_type=\"section\" data-e-type=\"section\">\n\t\t\t\t\t\t<div class=\"elementor-container elementor-column-gap-default\">\n\t\t\t\t\t<div class=\"elementor-column elementor-col-100 elementor-top-column elementor-element elementor-element-39f697e\" data-id=\"39f697e\" data-element_type=\"column\" data-e-type=\"column\">\n\t\t\t<div class=\"elementor-widget-wrap elementor-element-populated\">\n\t\t\t\t\t\t<div class=\"elementor-element elementor-element-e449fba elementor-widget elementor-widget-text-editor\" data-id=\"e449fba\" data-element_type=\"widget\" data-e-type=\"widget\" data-widget_type=\"text-editor.default\">\n\t\t\t\t<div class=\"elementor-widget-container\">\n\t\t\t\t\t\t\t\t\t<p>So wie wir f\u00fcnf physische Sinne besitzen, verf\u00fcgen wir auch \u00fcber innere Sinne.  So wie das Leben eines riesigen Baumes in einem einfachen Samen schlummert, so sind auch die inneren F\u00e4higkeiten des Menschen potenziell in jedem Menschen vorhanden.<\/p><p>Der erste Sinn oder die erste F\u00e4higkeit, die wir wecken m\u00fcssen, ist der Sinn der Selbstbeobachtung, der es uns erm\u00f6glicht, uns des Hier und Jetzt jedes Augenblicks und der Lehre, die uns jeder Lebensumstand erteilt, bewusst zu werden. Der Sinn der Selbstbeobachtung ist f\u00fcr die Selbsterkenntnis unerl\u00e4sslich und sehr leicht zu entwickeln, denn je mehr wir uns selbst beobachten und diesen Sinn praktizieren, desto mehr Selbstbeobachtungsf\u00e4higkeit gewinnen wir.<\/p><p>Wer sich selbst beobachtet und kennt, kennt seine innere Welt: Instinkte, Gedanken, Gef\u00fchle usw. und entdeckt so die wahre Realit\u00e4t seiner selbst. Wenn wir unsere eigene Wahrheit entdecken, lernen wir, die kosmischen Schwingungen wahrzunehmen, die vom Universum ausgehen und die wiederum die T\u00fcren zur Entwicklung weiterer F\u00e4higkeiten \u00f6ffnen.<\/p>\t\t\t\t\t\t\t\t<\/div>\n\t\t\t\t<\/div>\n\t\t\t\t\t<\/div>\n\t\t<\/div>\n\t\t\t\t\t<\/div>\n\t\t<\/section>\n\t\t\t\t<section class=\"elementor-section elementor-top-section elementor-element elementor-element-2faa12b elementor-section-boxed elementor-section-height-default elementor-section-height-default\" data-id=\"2faa12b\" data-element_type=\"section\" data-e-type=\"section\">\n\t\t\t\t\t\t<div class=\"elementor-container elementor-column-gap-default\">\n\t\t\t\t\t<div class=\"elementor-column elementor-col-100 elementor-top-column elementor-element elementor-element-1aa4a42\" data-id=\"1aa4a42\" data-element_type=\"column\" data-e-type=\"column\">\n\t\t\t<div class=\"elementor-widget-wrap elementor-element-populated\">\n\t\t\t\t\t\t<div class=\"elementor-element elementor-element-9f53655 elementor-widget elementor-widget-image\" data-id=\"9f53655\" data-element_type=\"widget\" data-e-type=\"widget\" data-widget_type=\"image.default\">\n\t\t\t\t<div class=\"elementor-widget-container\">\n\t\t\t\t\t\t\t\t\t\t\t\t\t\t\t<img fetchpriority=\"high\" decoding=\"async\" width=\"558\" height=\"335\" src=\"https:\/\/gnosissuisse.ch\/wp-content\/uploads\/2021\/12\/cervello-di-chi-medita.jpg\" class=\"attachment-large size-large wp-image-1491\" alt=\"Das Gehirn des Meditierenden\" srcset=\"https:\/\/gnosissuisse.ch\/wp-content\/uploads\/2021\/12\/cervello-di-chi-medita.jpg 558w, https:\/\/gnosissuisse.ch\/wp-content\/uploads\/2021\/12\/cervello-di-chi-medita-300x180.jpg 300w, https:\/\/gnosissuisse.ch\/wp-content\/uploads\/2021\/12\/cervello-di-chi-medita-230x138.jpg 230w, https:\/\/gnosissuisse.ch\/wp-content\/uploads\/2021\/12\/cervello-di-chi-medita-350x210.jpg 350w, https:\/\/gnosissuisse.ch\/wp-content\/uploads\/2021\/12\/cervello-di-chi-medita-480x288.jpg 480w\" sizes=\"(max-width: 558px) 100vw, 558px\" \/>\t\t\t\t\t\t\t\t\t\t\t\t\t\t\t<\/div>\n\t\t\t\t<\/div>\n\t\t\t\t\t<\/div>\n\t\t<\/div>\n\t\t\t\t\t<\/div>\n\t\t<\/section>\n\t\t\t\t<section class=\"elementor-section elementor-top-section elementor-element elementor-element-6dc2be9 elementor-section-boxed elementor-section-height-default elementor-section-height-default\" data-id=\"6dc2be9\" data-element_type=\"section\" data-e-type=\"section\">\n\t\t\t\t\t\t<div class=\"elementor-container elementor-column-gap-default\">\n\t\t\t\t\t<div class=\"elementor-column elementor-col-100 elementor-top-column elementor-element elementor-element-5ab7807\" data-id=\"5ab7807\" data-element_type=\"column\" data-e-type=\"column\">\n\t\t\t<div class=\"elementor-widget-wrap elementor-element-populated\">\n\t\t\t\t\t\t\t<\/div>\n\t\t<\/div>\n\t\t\t\t\t<\/div>\n\t\t<\/section>\n\t\t\t\t<section class=\"elementor-section elementor-top-section elementor-element elementor-element-6d10d54 elementor-section-boxed elementor-section-height-default elementor-section-height-default\" data-id=\"6d10d54\" data-element_type=\"section\" data-e-type=\"section\">\n\t\t\t\t\t\t<div class=\"elementor-container elementor-column-gap-default\">\n\t\t\t\t\t<div class=\"elementor-column elementor-col-100 elementor-top-column elementor-element elementor-element-a200a1c\" data-id=\"a200a1c\" data-element_type=\"column\" data-e-type=\"column\">\n\t\t\t<div class=\"elementor-widget-wrap elementor-element-populated\">\n\t\t\t\t\t\t<div class=\"elementor-element elementor-element-e865a64 elementor-widget elementor-widget-heading\" data-id=\"e865a64\" data-element_type=\"widget\" data-e-type=\"widget\" data-widget_type=\"heading.default\">\n\t\t\t\t<div class=\"elementor-widget-container\">\n\t\t\t\t\t<h2 class=\"elementor-heading-title elementor-size-default\">Energie, Dr\u00fcsen und Chakren<\/h2>\t\t\t\t<\/div>\n\t\t\t\t<\/div>\n\t\t\t\t\t<\/div>\n\t\t<\/div>\n\t\t\t\t\t<\/div>\n\t\t<\/section>\n\t\t\t\t<section class=\"elementor-section elementor-top-section elementor-element elementor-element-ea70ca3 elementor-section-boxed elementor-section-height-default elementor-section-height-default\" data-id=\"ea70ca3\" data-element_type=\"section\" data-e-type=\"section\">\n\t\t\t\t\t\t<div class=\"elementor-container elementor-column-gap-default\">\n\t\t\t\t\t<div class=\"elementor-column elementor-col-100 elementor-top-column elementor-element elementor-element-e63c8f2\" data-id=\"e63c8f2\" data-element_type=\"column\" data-e-type=\"column\">\n\t\t\t<div class=\"elementor-widget-wrap elementor-element-populated\">\n\t\t\t\t\t\t<div class=\"elementor-element elementor-element-2a1f964 elementor-widget elementor-widget-text-editor\" data-id=\"2a1f964\" data-element_type=\"widget\" data-e-type=\"widget\" data-widget_type=\"text-editor.default\">\n\t\t\t\t<div class=\"elementor-widget-container\">\n\t\t\t\t\t\t\t\t\t<p>Es ist wissenschaftlich erwiesen, dass alles Energie besitzt und sich in st\u00e4ndiger Bewegung und Ver\u00e4nderung befindet. Daher verarbeitet auch unser Organismus seine eigene Lebensenergie. Diese bezieht er aus der Nahrung, die wir zu uns nehmen, aus der Luft, die wir atmen, und aus den Eindr\u00fccken, die wir \u00fcber unsere f\u00fcnf Sinne aufnehmen.<\/p><p>Diese Energie wird in uns durch die wunderbaren Dr\u00fcsen der inneren Sekretion umgewandelt, die unseren K\u00f6rper aktivieren und alle seine lebenswichtigen Funktionen regulieren. Der lebenswichtige Inhalt jeder Dr\u00fcse ist eng mit der inneren Konstitution des Menschen, den Chakren des Astralk\u00f6rpers und seinen F\u00e4higkeiten verbunden. Diese inneren F\u00e4higkeiten des Menschen schlummern, aber mit bewusster Anstrengung ist es m\u00f6glich, sie zu erwecken.<\/p>\t\t\t\t\t\t\t\t<\/div>\n\t\t\t\t<\/div>\n\t\t\t\t\t<\/div>\n\t\t<\/div>\n\t\t\t\t\t<\/div>\n\t\t<\/section>\n\t\t\t\t<section class=\"elementor-section elementor-top-section elementor-element elementor-element-554bc68 elementor-section-boxed elementor-section-height-default elementor-section-height-default\" data-id=\"554bc68\" data-element_type=\"section\" data-e-type=\"section\">\n\t\t\t\t\t\t<div class=\"elementor-container elementor-column-gap-default\">\n\t\t\t\t\t<div class=\"elementor-column elementor-col-100 elementor-top-column elementor-element elementor-element-d17eb2f\" data-id=\"d17eb2f\" data-element_type=\"column\" data-e-type=\"column\">\n\t\t\t<div class=\"elementor-widget-wrap elementor-element-populated\">\n\t\t\t\t\t\t<div class=\"elementor-element elementor-element-1edbbd3 elementor-widget elementor-widget-image\" data-id=\"1edbbd3\" data-element_type=\"widget\" data-e-type=\"widget\" data-widget_type=\"image.default\">\n\t\t\t\t<div class=\"elementor-widget-container\">\n\t\t\t\t\t\t\t\t\t\t\t\t\t\t\t<img decoding=\"async\" width=\"800\" height=\"299\" src=\"https:\/\/gnosissuisse.ch\/wp-content\/uploads\/2021\/12\/POTERI-DELUOMO-1024x383.jpeg\" class=\"attachment-large size-large wp-image-1496\" alt=\"\" srcset=\"https:\/\/gnosissuisse.ch\/wp-content\/uploads\/2021\/12\/POTERI-DELUOMO-1024x383.jpeg 1024w, https:\/\/gnosissuisse.ch\/wp-content\/uploads\/2021\/12\/POTERI-DELUOMO-300x112.jpeg 300w, https:\/\/gnosissuisse.ch\/wp-content\/uploads\/2021\/12\/POTERI-DELUOMO-768x287.jpeg 768w, https:\/\/gnosissuisse.ch\/wp-content\/uploads\/2021\/12\/POTERI-DELUOMO-830x310.jpeg 830w, https:\/\/gnosissuisse.ch\/wp-content\/uploads\/2021\/12\/POTERI-DELUOMO-230x86.jpeg 230w, https:\/\/gnosissuisse.ch\/wp-content\/uploads\/2021\/12\/POTERI-DELUOMO-350x131.jpeg 350w, https:\/\/gnosissuisse.ch\/wp-content\/uploads\/2021\/12\/POTERI-DELUOMO-480x179.jpeg 480w, https:\/\/gnosissuisse.ch\/wp-content\/uploads\/2021\/12\/POTERI-DELUOMO.jpeg 1400w\" sizes=\"(max-width: 800px) 100vw, 800px\" \/>\t\t\t\t\t\t\t\t\t\t\t\t\t\t\t<\/div>\n\t\t\t\t<\/div>\n\t\t\t\t\t<\/div>\n\t\t<\/div>\n\t\t\t\t\t<\/div>\n\t\t<\/section>\n\t\t\t\t<section class=\"elementor-section elementor-top-section elementor-element elementor-element-37b50cf elementor-section-boxed elementor-section-height-default elementor-section-height-default\" data-id=\"37b50cf\" data-element_type=\"section\" data-e-type=\"section\">\n\t\t\t\t\t\t<div class=\"elementor-container elementor-column-gap-default\">\n\t\t\t\t\t<div class=\"elementor-column elementor-col-100 elementor-top-column elementor-element elementor-element-3111c68\" data-id=\"3111c68\" data-element_type=\"column\" data-e-type=\"column\">\n\t\t\t<div class=\"elementor-widget-wrap elementor-element-populated\">\n\t\t\t\t\t\t<div class=\"elementor-element elementor-element-8b9afb1 elementor-widget elementor-widget-heading\" data-id=\"8b9afb1\" data-element_type=\"widget\" data-e-type=\"widget\" data-widget_type=\"heading.default\">\n\t\t\t\t<div class=\"elementor-widget-container\">\n\t\t\t\t\t<h2 class=\"elementor-heading-title elementor-size-default\">Chakren und ihre F\u00e4higkeiten<\/h2>\t\t\t\t<\/div>\n\t\t\t\t<\/div>\n\t\t\t\t\t<\/div>\n\t\t<\/div>\n\t\t\t\t\t<\/div>\n\t\t<\/section>\n\t\t\t\t<section class=\"elementor-section elementor-top-section elementor-element elementor-element-5a4c57c elementor-section-boxed elementor-section-height-default elementor-section-height-default\" data-id=\"5a4c57c\" data-element_type=\"section\" data-e-type=\"section\">\n\t\t\t\t\t\t<div class=\"elementor-container elementor-column-gap-default\">\n\t\t\t\t\t<div class=\"elementor-column elementor-col-100 elementor-top-column elementor-element elementor-element-fcc1c25\" data-id=\"fcc1c25\" data-element_type=\"column\" data-e-type=\"column\">\n\t\t\t<div class=\"elementor-widget-wrap elementor-element-populated\">\n\t\t\t\t\t\t<div class=\"elementor-element elementor-element-dc8a4ba elementor-widget elementor-widget-text-editor\" data-id=\"dc8a4ba\" data-element_type=\"widget\" data-e-type=\"widget\" data-widget_type=\"text-editor.default\">\n\t\t\t\t<div class=\"elementor-widget-container\">\n\t\t\t\t\t\t\t\t\t<p><strong>Die Chakren sind magnetische Zentren, die sich innerhalb unseres Organismus, in der Astralwelt, befinden.<\/strong> \u00a0\u00a0<\/p><p>Wenn wir lernen, unsere Energie sinnvoll einzusetzen, werden diese magnetischen Zentren aufgeladen und erweckt, um uns unz\u00e4hlige Vorteile zu bieten.<\/p><p>Die angemessen magnetisierten Chakren verleihen uns besondere okkulte Kr\u00e4fte: Hellsehen, Hellh\u00f6ren, Telepathie, Intuition, die F\u00e4higkeit, uns an unsere vergangenen Leben zu erinnern, Allwissenheit und andere. Allerdings erfordert es Disziplin und Willenskraft, um sie zu entwickeln, sowie die Kenntnis der genauen Praktiken, um dies zu erreichen. Genau wie es in den alten Mysterienschulen gelehrt wurde.<\/p><p>Das Wort Chakra bedeutet im Sanskrit \u201cRad, Kreis oder Scheibe\u201d und wird verwendet, um die Energiezentren unseres K\u00f6rpers zu bezeichnen, deren Aufgabe es ist, unsere Lebensenergie \u201caufzunehmen und zu verteilen\u201d.<\/p><p>I\u00a0<em>Chakra<\/em>\u00a0Es gibt sieben Hauptchakren, und jedes von ihnen hat nicht nur spezifische Eigenschaften, sondern ist auch mit bestimmten Emotionen, Empfindungen sowie mentalen und spirituellen Funktionen verbunden.<\/p>\t\t\t\t\t\t\t\t<\/div>\n\t\t\t\t<\/div>\n\t\t\t\t\t<\/div>\n\t\t<\/div>\n\t\t\t\t\t<\/div>\n\t\t<\/section>\n\t\t\t\t<section class=\"elementor-section elementor-top-section elementor-element elementor-element-bfe222a elementor-section-boxed elementor-section-height-default elementor-section-height-default\" data-id=\"bfe222a\" data-element_type=\"section\" data-e-type=\"section\">\n\t\t\t\t\t\t<div class=\"elementor-container elementor-column-gap-default\">\n\t\t\t\t\t<div class=\"elementor-column elementor-col-100 elementor-top-column elementor-element elementor-element-879ef98\" data-id=\"879ef98\" data-element_type=\"column\" data-e-type=\"column\">\n\t\t\t<div class=\"elementor-widget-wrap elementor-element-populated\">\n\t\t\t\t\t\t<div class=\"elementor-element elementor-element-fcb2eb8 elementor-widget elementor-widget-heading\" data-id=\"fcb2eb8\" data-element_type=\"widget\" data-e-type=\"widget\" data-widget_type=\"heading.default\">\n\t\t\t\t<div class=\"elementor-widget-container\">\n\t\t\t\t\t<h2 class=\"elementor-heading-title elementor-size-default\">Mamtra und Vokalisierung<\/h2>\t\t\t\t<\/div>\n\t\t\t\t<\/div>\n\t\t\t\t\t<\/div>\n\t\t<\/div>\n\t\t\t\t\t<\/div>\n\t\t<\/section>\n\t\t\t\t<section class=\"elementor-section elementor-top-section elementor-element elementor-element-91afbdd elementor-section-boxed elementor-section-height-default elementor-section-height-default\" data-id=\"91afbdd\" data-element_type=\"section\" data-e-type=\"section\">\n\t\t\t\t\t\t<div class=\"elementor-container elementor-column-gap-default\">\n\t\t\t\t\t<div class=\"elementor-column elementor-col-100 elementor-top-column elementor-element elementor-element-610d141\" data-id=\"610d141\" data-element_type=\"column\" data-e-type=\"column\">\n\t\t\t<div class=\"elementor-widget-wrap elementor-element-populated\">\n\t\t\t\t\t\t<div class=\"elementor-element elementor-element-bf95f49 elementor-widget elementor-widget-text-editor\" data-id=\"bf95f49\" data-element_type=\"widget\" data-e-type=\"widget\" data-widget_type=\"text-editor.default\">\n\t\t\t\t<div class=\"elementor-widget-container\">\n\t\t\t\t\t\t\t\t\t<p>Vocalizzare bedeutet, die Energie der eigenen Stimme in Schwingung zu versetzen. MANTRA bedeutet \u201cWort der Kraft\u201d. Durch das Singen von Mantras k\u00f6nnen wir unsere Chakren aktivieren.<\/p><p><b>Das Stirnchakra:<\/b>\u00a0Es befindet sich zwischen den Augenbrauen, wird durch das Aussprechen des Buchstabens \u201cI\u201d aktiviert und verleiht die F\u00e4higkeit der Hellsichtigkeit.<\/p><p><b>Das Kehlkopfchakra:<\/b>\u00a0Sie aktivieren es, indem Sie den Buchstaben \u201cE\u201d aussprechen und sich damit die F\u00e4higkeit verleihen, die Kl\u00e4nge des Ultras wahrzunehmen.<\/p><p><b>Das Herzchakra:<\/b>\u00a0Es befindet sich im Herzen, wird durch die Aussprache des Buchstabens \u201cO\u201d aktiviert und schenkt uns Intuition.<\/p><p><b>Das Nabelchakra:<\/b>\u00a0Es befindet sich im Solarplexus und wird durch das Aussprechen des Buchstabens \u201cU\u201d aktiviert, wodurch wir Telepathie entwickeln k\u00f6nnen.<\/p><p><b>Das Lungenchakra:<\/b>\u00a0wird durch das Aussprechen des Buchstabens \u201cA\u201d aktiviert und vermittelt die Erinnerung an fr\u00fchere Existenzen.<\/p><p><i>\u201cWenn Sie Ihre F\u00e4higkeiten wirklich entwickeln m\u00f6chten, d\u00fcrfen Sie nicht m\u00fcde werden, Sie m\u00fcssen hartn\u00e4ckig sein, sehr hartn\u00e4ckig. Ohne Hartn\u00e4ckigkeit (...) ist es v\u00f6llig unm\u00f6glich, das Erwachen der h\u00f6heren F\u00e4higkeiten der Seele zu erreichen.\u201d Samael Aun Weor. Die Kraft der Mantras.<\/i><\/p><p>Zusammenfassend l\u00e4sst sich sagen, dass wir alle in uns selbst wunderbare und unz\u00e4hlige schlummernde F\u00e4higkeiten besitzen. Durch unseren Willen und unsere Beharrlichkeit k\u00f6nnen wir sie wecken und entwickeln und so ihre vielf\u00e4ltigen Vorteile in unserem t\u00e4glichen Leben nutzen.<\/p><p>Um dieses Thema zu vertiefen und weitere Themen kennenzulernen, laden wir Sie herzlich zu unseren Online- und Pr\u00e4senzkursen zur Selbsterkenntnis ein.<\/p>\t\t\t\t\t\t\t\t<\/div>\n\t\t\t\t<\/div>\n\t\t\t\t\t<\/div>\n\t\t<\/div>\n\t\t\t\t\t<\/div>\n\t\t<\/section>\n\t\t\t\t<section class=\"elementor-section elementor-top-section elementor-element elementor-element-d8b4978 elementor-section-boxed elementor-section-height-default elementor-section-height-default\" data-id=\"d8b4978\" data-element_type=\"section\" data-e-type=\"section\">\n\t\t\t\t\t\t<div class=\"elementor-container elementor-column-gap-default\">\n\t\t\t\t\t<div class=\"elementor-column elementor-col-100 elementor-top-column elementor-element elementor-element-cbdbd25\" data-id=\"cbdbd25\" data-element_type=\"column\" data-e-type=\"column\">\n\t\t\t<div class=\"elementor-widget-wrap elementor-element-populated\">\n\t\t\t\t\t\t<div class=\"elementor-element elementor-element-7499fe8 elementor-widget elementor-widget-image\" data-id=\"7499fe8\" data-element_type=\"widget\" data-e-type=\"widget\" data-widget_type=\"image.default\">\n\t\t\t\t<div class=\"elementor-widget-container\">\n\t\t\t\t\t\t\t\t\t\t\t\t\t\t\t<img decoding=\"async\" width=\"600\" height=\"499\" src=\"https:\/\/gnosissuisse.ch\/wp-content\/uploads\/2021\/12\/7-chakra-italiano.jpg\" class=\"attachment-large size-large wp-image-1508\" alt=\"7 CHAKRA\" srcset=\"https:\/\/gnosissuisse.ch\/wp-content\/uploads\/2021\/12\/7-chakra-italiano.jpg 600w, https:\/\/gnosissuisse.ch\/wp-content\/uploads\/2021\/12\/7-chakra-italiano-300x250.jpg 300w, https:\/\/gnosissuisse.ch\/wp-content\/uploads\/2021\/12\/7-chakra-italiano-230x191.jpg 230w, https:\/\/gnosissuisse.ch\/wp-content\/uploads\/2021\/12\/7-chakra-italiano-350x291.jpg 350w, https:\/\/gnosissuisse.ch\/wp-content\/uploads\/2021\/12\/7-chakra-italiano-480x399.jpg 480w\" sizes=\"(max-width: 600px) 100vw, 600px\" \/>\t\t\t\t\t\t\t\t\t\t\t\t\t\t\t<\/div>\n\t\t\t\t<\/div>\n\t\t\t\t\t<\/div>\n\t\t<\/div>\n\t\t\t\t\t<\/div>\n\t\t<\/section>\n\t\t\t\t<\/div>","protected":false},"excerpt":{"rendered":"<p>So wie wir f\u00fcnf physische Sinne besitzen, verf\u00fcgen wir auch \u00fcber innere Sinne.  So wie das Leben eines riesigen Baumes in einem einfachen Samen schlummert, so sind auch die inneren F\u00e4higkeiten des Menschen potenziell in jedem Menschen vorhanden. Der erste Sinn oder die erste F\u00e4higkeit, die wir erwecken m\u00fcssen, ist der Sinn der Selbstbeobachtung, der es uns erm\u00f6glicht, uns bewusst zu werden [\u2026]<\/p>","protected":false},"author":4,"featured_media":0,"comment_status":"closed","ping_status":"open","sticky":false,"template":"","format":"standard","meta":{"footnotes":""},"categories":[1],"tags":[],"class_list":["post-1486","post","type-post","status-publish","format-standard","hentry","category-sin-categoria"],"_links":{"self":[{"href":"https:\/\/gnosissuisse.ch\/de\/wp-json\/wp\/v2\/posts\/1486","targetHints":{"allow":["GET"]}}],"collection":[{"href":"https:\/\/gnosissuisse.ch\/de\/wp-json\/wp\/v2\/posts"}],"about":[{"href":"https:\/\/gnosissuisse.ch\/de\/wp-json\/wp\/v2\/types\/post"}],"author":[{"embeddable":true,"href":"https:\/\/gnosissuisse.ch\/de\/wp-json\/wp\/v2\/users\/4"}],"replies":[{"embeddable":true,"href":"https:\/\/gnosissuisse.ch\/de\/wp-json\/wp\/v2\/comments?post=1486"}],"version-history":[{"count":23,"href":"https:\/\/gnosissuisse.ch\/de\/wp-json\/wp\/v2\/posts\/1486\/revisions"}],"predecessor-version":[{"id":1839,"href":"https:\/\/gnosissuisse.ch\/de\/wp-json\/wp\/v2\/posts\/1486\/revisions\/1839"}],"wp:attachment":[{"href":"https:\/\/gnosissuisse.ch\/de\/wp-json\/wp\/v2\/media?parent=1486"}],"wp:term":[{"taxonomy":"category","embeddable":true,"href":"https:\/\/gnosissuisse.ch\/de\/wp-json\/wp\/v2\/categories?post=1486"},{"taxonomy":"post_tag","embeddable":true,"href":"https:\/\/gnosissuisse.ch\/de\/wp-json\/wp\/v2\/tags?post=1486"}],"curies":[{"name":"wp","href":"https:\/\/api.w.org\/{rel}","templated":true}]}}